{"id":1490,"date":"2025-02-06T12:42:37","date_gmt":"2025-02-06T11:42:37","guid":{"rendered":"https:\/\/ilsovranista.com\/?p=1490"},"modified":"2025-02-06T12:43:57","modified_gmt":"2025-02-06T11:43:57","slug":"mercogliano-il-team-vanbacci-e-miopia-politica-il-generale-e-filomeni-ci-ripensino","status":"publish","type":"post","link":"https:\/\/ilsovranista.com\/?p=1490","title":{"rendered":"Mercogliano: il team Vannacci e&#8217; miopia politica. Il generale e Filomeni ci ripensino"},"content":{"rendered":"<p>di <strong>Luigi Mercogliano\u00a0<\/strong>( ex presidente del Mondo al Contrario della Campania)<\/p>\n<p style=\"text-align: left;\"><em>Lo dico chiaro e tondo perch\u00e9 non amo mandare a dire le cose ma, al contrario, le dico e le ho sempre dette in faccia: denominare &#8220;Team&#8221; un movimento politico-culturale che si richiama ai valori patriottici e identitari e che vuole risvegliare una coscienza di popolo e di nazione, utilizzando cos\u00ec in maniera evidentemente contradditoria un termine inglese quando si dovrebbe invece ripudiare ogni forma di anglofonia e di riferimenti a culture e lingue che non ci appartengono e nelle quali non ci potremo mai riconoscere e identificare, \u00e8 un errore e una miopia politica madornale. Ho lasciato il Movimento di Vannacci per evidenti contrasti con il gruppo dirigente locale che aveva dato vita al Coordinamento regionale campano insieme a me, pretendendone poi il controllo in perfetta coerenza con i metodi della vecchia politica che ho sempre ripudiato. E l&#8217;ho fatto in silenzio, senza dire mezza parola contro coloro con i quali avevo incominciato questa avventura e senza tirare in ballo lo stesso Vannacci e il presidente del Mondo al Contrario Fabio Filomeni. Spero che almeno di questo me ne diano atto tutti. Oggi per\u00f2 rivendico il mio diritto di esprimere un giudizio di merito. Rispetto al quale dico con chiarezza che denominare in quel modo il movimento a sostegno del Generale, per ci\u00f2 che ha rappresentato la sua discesa in campo e potenzialmente potrebbe rappresentare nel paese la pur paventata pi\u00f9 volte intenzione di dar vita ad un partito proprio, \u00e8 una contraddizione in termini e, lasciatemelo dire con franchezza, una profonda delusione per chi come me aveva sperato in qualcosa di nuovo s\u00ec, ma pur sempre legato a una cornice valoriale e ad una identit\u00e0 culturale che con questo nome che si \u00e8 deciso di dare al movimento non hanno e non potranno avere mai nulla in comune. Detto questo, siccome non faccio pi\u00f9 parte di quel gruppo dirigente non avendone pi\u00f9 rinnovato la tessera, evito di parlarne oltremodo. Mi limito qui a suggerire agli amici che ancora credono in quella avventura di insistere affinch\u00e9 il Generale Vannacci incominci finalmente ad operare con chiarezza, lasci la Lega e faccia un suo partito, patriottico nazionale e identitario. Non ne entrerei comunque a far parte per i citati contrasti con la dirigenza campana, ma lo voterei per il bene del paese e per quello che potrebbe rappresentare per la Destra nazionale italiana.<\/em><\/p>\n","protected":false},"excerpt":{"rendered":"<p>di Luigi Mercogliano\u00a0( ex presidente del Mondo al Contrario della Campania) Lo dico chiaro e tondo perch\u00e9 non amo mandare a dire le cose ma, al contrario, le dico e le ho sempre dette in faccia: denominare &#8220;Team&#8221; un movimento politico-culturale che si richiama ai valori patriottici e identitari e che vuole risvegliare una coscienza [&hellip;]<\/p>\n","protected":false},"author":3,"featured_media":1491,"comment_status":"open","ping_status":"closed","sticky":false,"template":"","format":"standard","meta":{"om_disable_all_campaigns":false,"_monsterinsights_skip_tracking":false,"_monsterinsights_sitenote_active":false,"_monsterinsights_sitenote_note":"","_monsterinsights_sitenote_category":0,"_uf_show_specific_survey":0,"_uf_disable_surveys":false,"footnotes":""},"categories":[33],"tags":[],"class_list":{"0":"post-1490","1":"post","2":"type-post","3":"status-publish","4":"format-standard","5":"has-post-thumbnail","7":"category-politica"},"aioseo_notices":[],"_links":{"self":[{"href":"https:\/\/ilsovranista.com\/index.php?rest_route=\/wp\/v2\/posts\/1490","targetHints":{"allow":["GET"]}}],"collection":[{"href":"https:\/\/ilsovranista.com\/index.php?rest_route=\/wp\/v2\/posts"}],"about":[{"href":"https:\/\/ilsovranista.com\/index.php?rest_route=\/wp\/v2\/types\/post"}],"author":[{"embeddable":true,"href":"https:\/\/ilsovranista.com\/index.php?rest_route=\/wp\/v2\/users\/3"}],"replies":[{"embeddable":true,"href":"https:\/\/ilsovranista.com\/index.php?rest_route=%2Fwp%2Fv2%2Fcomments&post=1490"}],"version-history":[{"count":2,"href":"https:\/\/ilsovranista.com\/index.php?rest_route=\/wp\/v2\/posts\/1490\/revisions"}],"predecessor-version":[{"id":1493,"href":"https:\/\/ilsovranista.com\/index.php?rest_route=\/wp\/v2\/posts\/1490\/revisions\/1493"}],"wp:featuredmedia":[{"embeddable":true,"href":"https:\/\/ilsovranista.com\/index.php?rest_route=\/wp\/v2\/media\/1491"}],"wp:attachment":[{"href":"https:\/\/ilsovranista.com\/index.php?rest_route=%2Fwp%2Fv2%2Fmedia&parent=1490"}],"wp:term":[{"taxonomy":"category","embeddable":true,"href":"https:\/\/ilsovranista.com\/index.php?rest_route=%2Fwp%2Fv2%2Fcategories&post=1490"},{"taxonomy":"post_tag","embeddable":true,"href":"https:\/\/ilsovranista.com\/index.php?rest_route=%2Fwp%2Fv2%2Ftags&post=1490"}],"curies":[{"name":"wp","href":"https:\/\/api.w.org\/{rel}","templated":true}]}}