{"id":1471,"date":"2025-02-06T05:36:12","date_gmt":"2025-02-06T04:36:12","guid":{"rendered":"https:\/\/ilsovranista.com\/?p=1471"},"modified":"2025-02-06T17:15:22","modified_gmt":"2025-02-06T16:15:22","slug":"foggia-da-forza-italia-a-fratelli-ditalia-il-ritorno-a-casa-del-consigliere-fusco-casa","status":"publish","type":"post","link":"https:\/\/ilsovranista.com\/?p=1471","title":{"rendered":"Foggia, da Forza Italia a Fratelli d&#8217;Italia. Il ritorno a casa del consigliere Fusco"},"content":{"rendered":"<p>Il consigliere comunale <strong>Luigi Fusco<\/strong> torna in Fratelli d\u2019Italia, il partito che aveva lasciato a settembre del 2023, e aderisce al gruppo consiliare del movimento politico guidato da Giorgia Meloni al Comune di Foggia. Eletto nella lista di Forza Italia con oltre 900 voti, a luglio si era dichiarato indipendente, rimanendo nell\u2019alveo del centrodestra.<\/p>\n<div data-move=\"\" data-move--destination=\"[data-content--body]\" data-move--destination-closest=\"\" data-move--destination-position=\"15%\" data-move--destination-distance=\"10%\" data-move--internal-processed=\"\">\n<div class=\"slot slot-intext-0\">\n<div><\/div>\n<\/div>\n<\/div>\n<p><em>&#8221; \u00c8 con grande emozione e rinnovato entusiasmo che annuncio il mio ritorno in Fratelli d\u2019Italia, il partito che ha sempre rappresentato la mia casa politica, il luogo dove sono cresciuto come uomo e come rappresentante delle istituzioni \u2013<\/em>\u00a0dichiara oggi Gino Fusco -.<em>\u00a0Il breve periodo di assenza \u00e8 stato per me un\u2019occasione di riflessione personale e politica. Ho avuto modo di confrontarmi con nuove esperienze, ma \u00e8 stato proprio questo percorso a farmi comprendere, con ancora maggiore chiarezza, l\u2019importanza dei valori e delle idee che Fratelli d\u2019Italia incarna: l\u2019amore per la Patria, il rispetto delle tradizioni, la difesa della sovranit\u00e0 nazionale e la volont\u00e0 di costruire un futuro migliore per la nostra comunit\u00e0. Rientro con un bagaglio arricchito, pronto a mettere la mia esperienza e la mia determinazione al servizio di un progetto che oggi pi\u00f9 che mai rappresenta una speranza concreta per il nostro Paese. Ringrazio la leadership del partito e il gruppo consiliare per la fiducia e l\u2019accoglienza calorosa. Insieme, con coraggio e determinazione, continueremo a lavorare per costruire una citt\u00e0 pi\u00f9 giusta, pi\u00f9 forte e pi\u00f9 libera\u201d.<\/em><\/p>\n<p>&nbsp;<\/p>\n","protected":false},"excerpt":{"rendered":"<p>Il consigliere comunale Luigi Fusco torna in Fratelli d\u2019Italia, il partito che aveva lasciato a settembre del 2023, e aderisce al gruppo consiliare del movimento politico guidato da Giorgia Meloni al Comune di Foggia. Eletto nella lista di Forza Italia con oltre 900 voti, a luglio si era dichiarato indipendente, rimanendo nell\u2019alveo del centrodestra. &#8221; [&hellip;]<\/p>\n","protected":false},"author":3,"featured_media":1472,"comment_status":"open","ping_status":"closed","sticky":false,"template":"","format":"standard","meta":{"om_disable_all_campaigns":false,"_monsterinsights_skip_tracking":false,"_monsterinsights_sitenote_active":false,"_monsterinsights_sitenote_note":"","_monsterinsights_sitenote_category":0,"_uf_show_specific_survey":0,"_uf_disable_surveys":false,"footnotes":""},"categories":[36],"tags":[],"class_list":{"0":"post-1471","1":"post","2":"type-post","3":"status-publish","4":"format-standard","5":"has-post-thumbnail","7":"category-prima-i-territori"},"aioseo_notices":[],"_links":{"self":[{"href":"https:\/\/ilsovranista.com\/index.php?rest_route=\/wp\/v2\/posts\/1471","targetHints":{"allow":["GET"]}}],"collection":[{"href":"https:\/\/ilsovranista.com\/index.php?rest_route=\/wp\/v2\/posts"}],"about":[{"href":"https:\/\/ilsovranista.com\/index.php?rest_route=\/wp\/v2\/types\/post"}],"author":[{"embeddable":true,"href":"https:\/\/ilsovranista.com\/index.php?rest_route=\/wp\/v2\/users\/3"}],"replies":[{"embeddable":true,"href":"https:\/\/ilsovranista.com\/index.php?rest_route=%2Fwp%2Fv2%2Fcomments&post=1471"}],"version-history":[{"count":2,"href":"https:\/\/ilsovranista.com\/index.php?rest_route=\/wp\/v2\/posts\/1471\/revisions"}],"predecessor-version":[{"id":1495,"href":"https:\/\/ilsovranista.com\/index.php?rest_route=\/wp\/v2\/posts\/1471\/revisions\/1495"}],"wp:featuredmedia":[{"embeddable":true,"href":"https:\/\/ilsovranista.com\/index.php?rest_route=\/wp\/v2\/media\/1472"}],"wp:attachment":[{"href":"https:\/\/ilsovranista.com\/index.php?rest_route=%2Fwp%2Fv2%2Fmedia&parent=1471"}],"wp:term":[{"taxonomy":"category","embeddable":true,"href":"https:\/\/ilsovranista.com\/index.php?rest_route=%2Fwp%2Fv2%2Fcategories&post=1471"},{"taxonomy":"post_tag","embeddable":true,"href":"https:\/\/ilsovranista.com\/index.php?rest_route=%2Fwp%2Fv2%2Ftags&post=1471"}],"curies":[{"name":"wp","href":"https:\/\/api.w.org\/{rel}","templated":true}]}}