{"id":1460,"date":"2025-02-05T20:30:29","date_gmt":"2025-02-05T19:30:29","guid":{"rendered":"https:\/\/ilsovranista.com\/?p=1460"},"modified":"2025-02-05T20:30:29","modified_gmt":"2025-02-05T19:30:29","slug":"indipendenza-attacca-meloni-non-sei-frodo-che-porta-lanello-ma-gollum","status":"publish","type":"post","link":"https:\/\/ilsovranista.com\/?p=1460","title":{"rendered":"Indipendenza attacca Meloni: non sei Frodo che porta l&#8217;anello ma Gollum"},"content":{"rendered":"<div dir=\"auto\"><strong>Giorgia Meloni<\/strong> ha indossato l\u2019Anello del Potere, non lo \u201cporta\u201d come Fardello da distruggere.<\/div>\n<div dir=\"auto\">Si \u00e8 allineata a <strong>Nato<\/strong> e <strong>Ue<\/strong>, si \u00e8 piegata ai poteri della finanza internazionale, ha dimenticato le battaglie sociali e legalitarie, si \u00e8 voltata dall\u2019altra parte sul Genocidio Palestinese.<\/div>\n<div dir=\"auto\">Lo scrive sui suoi canali social\u00a0<strong>Indipendenza,\u00a0<\/strong>il movimento sovranista fondato da Gianni Alemanno precisando: &#8220;pi\u00f9 che Frodo ricorda Gollum<\/div>\n<div dir=\"auto\"><\/div>\n<div dir=\"auto\"><\/div>\n","protected":false},"excerpt":{"rendered":"<p>Giorgia Meloni ha indossato l\u2019Anello del Potere, non lo \u201cporta\u201d come Fardello da distruggere. Si \u00e8 allineata a Nato e Ue, si \u00e8 piegata ai poteri della finanza internazionale, ha dimenticato le battaglie sociali e legalitarie, si \u00e8 voltata dall\u2019altra parte sul Genocidio Palestinese. Lo scrive sui suoi canali social\u00a0Indipendenza,\u00a0il movimento sovranista fondato da Gianni [&hellip;]<\/p>\n","protected":false},"author":3,"featured_media":1461,"comment_status":"open","ping_status":"closed","sticky":false,"template":"","format":"standard","meta":{"om_disable_all_campaigns":false,"_monsterinsights_skip_tracking":false,"_monsterinsights_sitenote_active":false,"_monsterinsights_sitenote_note":"","_monsterinsights_sitenote_category":0,"_uf_show_specific_survey":0,"_uf_disable_surveys":false,"footnotes":""},"categories":[33],"tags":[328,74,344,172,342,343],"class_list":{"0":"post-1460","1":"post","2":"type-post","3":"status-publish","4":"format-standard","5":"has-post-thumbnail","7":"category-politica","8":"tag-alemanno","9":"tag-giorgiameloni","10":"tag-gollum","11":"tag-indipendenza","12":"tag-nato","13":"tag-ue-frodo"},"aioseo_notices":[],"_links":{"self":[{"href":"https:\/\/ilsovranista.com\/index.php?rest_route=\/wp\/v2\/posts\/1460","targetHints":{"allow":["GET"]}}],"collection":[{"href":"https:\/\/ilsovranista.com\/index.php?rest_route=\/wp\/v2\/posts"}],"about":[{"href":"https:\/\/ilsovranista.com\/index.php?rest_route=\/wp\/v2\/types\/post"}],"author":[{"embeddable":true,"href":"https:\/\/ilsovranista.com\/index.php?rest_route=\/wp\/v2\/users\/3"}],"replies":[{"embeddable":true,"href":"https:\/\/ilsovranista.com\/index.php?rest_route=%2Fwp%2Fv2%2Fcomments&post=1460"}],"version-history":[{"count":1,"href":"https:\/\/ilsovranista.com\/index.php?rest_route=\/wp\/v2\/posts\/1460\/revisions"}],"predecessor-version":[{"id":1462,"href":"https:\/\/ilsovranista.com\/index.php?rest_route=\/wp\/v2\/posts\/1460\/revisions\/1462"}],"wp:featuredmedia":[{"embeddable":true,"href":"https:\/\/ilsovranista.com\/index.php?rest_route=\/wp\/v2\/media\/1461"}],"wp:attachment":[{"href":"https:\/\/ilsovranista.com\/index.php?rest_route=%2Fwp%2Fv2%2Fmedia&parent=1460"}],"wp:term":[{"taxonomy":"category","embeddable":true,"href":"https:\/\/ilsovranista.com\/index.php?rest_route=%2Fwp%2Fv2%2Fcategories&post=1460"},{"taxonomy":"post_tag","embeddable":true,"href":"https:\/\/ilsovranista.com\/index.php?rest_route=%2Fwp%2Fv2%2Ftags&post=1460"}],"curies":[{"name":"wp","href":"https:\/\/api.w.org\/{rel}","templated":true}]}}