{"id":1431,"date":"2025-02-04T18:33:10","date_gmt":"2025-02-04T17:33:10","guid":{"rendered":"https:\/\/ilsovranista.com\/?p=1431"},"modified":"2025-02-04T18:33:10","modified_gmt":"2025-02-04T17:33:10","slug":"indipendenza-la-calabria-a-testa-alta-con-alemanno","status":"publish","type":"post","link":"https:\/\/ilsovranista.com\/?p=1431","title":{"rendered":"Indipendenza, la Calabria a testa alta con Alemanno"},"content":{"rendered":"<p>Sabato 1 febbraio si \u00e8 riunita a Roma La direzione nazionale del movimento indipendenza .a partecipare anche I dirigenti dell&#8217; coordinamento Regionale della Calabria Calabria il senatore <strong>Francesco Bevilaqua<\/strong> (coordinatore Regionale e membro dell&#8217; esecutivo nazionale ) <strong>Antonella<\/strong> <strong>Folino<\/strong> vice coordinatrice regionale , <strong>Pino Sciano<\/strong> , <strong>Gabriele de Franco<\/strong>, <strong>Lorella Celia<\/strong>, <strong>Francesco Mastroianni<\/strong> ,<strong>Anna Pesce<\/strong>, <strong>Antonio Lopez<\/strong>, <strong>Luigi<\/strong> <strong>Colosimo<\/strong> . Alla riunione Nazionale sono state respinte le dimissioni del segretario nazionale Gianni Alemanno.<\/p>\n<p>Si \u00e8 discusso di idee e progetti per continuare con questo progetto. Il Movimento indipendenza infatti non si fermer\u00e0 e continuer\u00e0 a lavorare con determinazione e fermezza sui territori.<\/p>\n","protected":false},"excerpt":{"rendered":"<p>Sabato 1 febbraio si \u00e8 riunita a Roma La direzione nazionale del movimento indipendenza .a partecipare anche I dirigenti dell&#8217; coordinamento Regionale della Calabria Calabria il senatore Francesco Bevilaqua (coordinatore Regionale e membro dell&#8217; esecutivo nazionale ) Antonella Folino vice coordinatrice regionale , Pino Sciano , Gabriele de Franco, Lorella Celia, Francesco Mastroianni ,Anna Pesce, [&hellip;]<\/p>\n","protected":false},"author":3,"featured_media":1432,"comment_status":"open","ping_status":"closed","sticky":false,"template":"","format":"standard","meta":{"om_disable_all_campaigns":false,"_monsterinsights_skip_tracking":false,"_monsterinsights_sitenote_active":false,"_monsterinsights_sitenote_note":"","_monsterinsights_sitenote_category":0,"_uf_show_specific_survey":0,"_uf_disable_surveys":false,"footnotes":""},"categories":[33],"tags":[328,329,172],"class_list":{"0":"post-1431","1":"post","2":"type-post","3":"status-publish","4":"format-standard","5":"has-post-thumbnail","7":"category-politica","8":"tag-alemanno","9":"tag-atestaalta","10":"tag-indipendenza"},"aioseo_notices":[],"_links":{"self":[{"href":"https:\/\/ilsovranista.com\/index.php?rest_route=\/wp\/v2\/posts\/1431","targetHints":{"allow":["GET"]}}],"collection":[{"href":"https:\/\/ilsovranista.com\/index.php?rest_route=\/wp\/v2\/posts"}],"about":[{"href":"https:\/\/ilsovranista.com\/index.php?rest_route=\/wp\/v2\/types\/post"}],"author":[{"embeddable":true,"href":"https:\/\/ilsovranista.com\/index.php?rest_route=\/wp\/v2\/users\/3"}],"replies":[{"embeddable":true,"href":"https:\/\/ilsovranista.com\/index.php?rest_route=%2Fwp%2Fv2%2Fcomments&post=1431"}],"version-history":[{"count":1,"href":"https:\/\/ilsovranista.com\/index.php?rest_route=\/wp\/v2\/posts\/1431\/revisions"}],"predecessor-version":[{"id":1433,"href":"https:\/\/ilsovranista.com\/index.php?rest_route=\/wp\/v2\/posts\/1431\/revisions\/1433"}],"wp:featuredmedia":[{"embeddable":true,"href":"https:\/\/ilsovranista.com\/index.php?rest_route=\/wp\/v2\/media\/1432"}],"wp:attachment":[{"href":"https:\/\/ilsovranista.com\/index.php?rest_route=%2Fwp%2Fv2%2Fmedia&parent=1431"}],"wp:term":[{"taxonomy":"category","embeddable":true,"href":"https:\/\/ilsovranista.com\/index.php?rest_route=%2Fwp%2Fv2%2Fcategories&post=1431"},{"taxonomy":"post_tag","embeddable":true,"href":"https:\/\/ilsovranista.com\/index.php?rest_route=%2Fwp%2Fv2%2Ftags&post=1431"}],"curies":[{"name":"wp","href":"https:\/\/api.w.org\/{rel}","templated":true}]}}