{"id":1393,"date":"2025-02-03T18:47:00","date_gmt":"2025-02-03T17:47:00","guid":{"rendered":"https:\/\/ilsovranista.com\/?p=1393"},"modified":"2025-02-03T18:47:00","modified_gmt":"2025-02-03T17:47:00","slug":"alemanno-per-lennesima-volta-i-giudici-emettono-contro-di-me-sentenze-peggiori-perfino-delle-richieste-dei-pm","status":"publish","type":"post","link":"https:\/\/ilsovranista.com\/?p=1393","title":{"rendered":"Alemanno: per l&#8217;ennesima volta i giudici emettono contro di me sentenze peggiori perfino delle richieste dei pm"},"content":{"rendered":"<p>Riceviamo e volentieri pubblichiamo la lettera aperta ai dirigenti e militanti di Indipendenza scritta da Gianni Alemanno, dal carcere di Rebibbia.<\/p>\n<p><em>Cari militanti di Indipendenza, mi rivolgo a voi pubblicamente, per la prima volta a un mese dall\u2019inizio della mia detenzione al Carcere di Rebibbia. Fino ad ora \u2013 su sollecitazione dei miei difensori \u2013 ho preferito confrontarmi riservatamente solo con il Presidente <strong>Massimo Arlechino<\/strong> e con i vicesegretari che mi hanno scritto, per evitare di influenzare le decisioni del Tribunale di Sorveglianza che doveva confermare o meno la revoca dei miei servizi sociali. Purtroppo, come sapete, questa e altre cautele non sono servite a nulla: il Tribunale di Sorveglianza ha fatto la scelta pi\u00f9 punitiva e \u2013 nonostante perfino il Procuratore avesse chiesto uno sconto di pena \u2013 ha confermato l\u2019annullamento completo dell\u2019affidamento in prova. Ricorreremo in Cassazione contro questa sentenza fuori da ogni misura, ma ad oggi la prospettiva per me \u00e8 quella di scontare qui a Rebibbia tutta la pena, fino al 15 giugno 2026.<\/em><\/p>\n<p><em>\u00c8 l\u2019ennesima volta che i giudici emettono contro di me sentenze peggiori perfino delle richieste dei pubblici ministeri, ma in ogni caso quello che emerge \u00e8 una folle sproporzione tra i fatti che mi vengono addebitati, sui quali ribadisco la mia totale innocenza, e le pene che sto scontando ormai da pi\u00f9 di dieci anni. Prima gli anni di massacro mediatico per le assurde accuse di associazione mafiosa e corruzione, poi condanne in primo e secondo grado sempre superiori alle stesse richieste dei Pubblici Ministeri, infine \u2013 dopo la decisione della Cassazione di spazzare via quasi tutti gli addebiti \u2013 le Corti d\u2019Appello che si sono attaccate ad ogni cavillo giuridico pur di rifiutarmi la condizionale. Ma non basta, ottenuto l\u2019affidamento in prova, me lo vedo ora completamente annullato \u2013 giungendo quindi a raddoppiare la pena \u2013 per una discutibile interpretazione di intercettazioni telefoniche, peraltro disposte per un\u2019altra inchiesta che sfiora veramente il ridicolo. In sintesi: pi\u00f9 di 10 anni di massacro mediatico, un anno e un mese di affidamento in prova con forti limitazioni della libert\u00e0 personale e, adesso, ancora un anno e mezzo di detenzione a Rebibbia. Il tutto perch\u00e9 da Sindaco avevo sollecitato il pagamento di debiti che il Comune di Roma aveva da anni con una cooperativa sociale in crisi finanziaria, poi perch\u00e9, tornato un normale cittadino candidato alle elezioni, non avevo controllato che un\u2019impresa avesse approvato nel suo Consiglio d\u2019Amministrazione un contributo elettorale di 10 mila euro. Anche l\u2019abolizione dell\u2019Abuso d\u2019ufficio e la tipizzazione del Traffico d\u2019influenze non \u00e8 stato giudicato dalla Cassazione un motivo sufficiente per cancellarmi gli ultimi addebiti, con una sentenza destinata a fare giurisprudenza, azzerando di fatto gli effetti di questa riforma del codice penale che tanto scandalo ha fatto sui giornali.<\/em><br \/>\n<em>Cos\u00ec oggi mi ritrovo al braccio G8 di Rebibbia: proprio nello stesso braccio in cui nel 1981 io, Paolo Di Nella e altri militanti del Fronte della Giovent\u00f9 fummo detenuti per alcuni mesi per una manifestazione contro l\u2019Ambasciata sovietica per il colpo di stato del Generale Jaruzelski in Polonia.<\/em><\/p>\n<p><em>\u00c8 un po\u2019\u00a0<\/em><em>come ritornare alle origini della mia militanza politica, ma far\u00f2 tutto il possibile perch\u00e9 sia un modo per ritrovare nuove e pi\u00f9 profonde energie spirituali e politiche per contribuire al riscatto della nostra Italia. Curiosamente, o forse no, questa sentenza \u00e8 uscita proprio lo stesso giorno in cui Giorgia Meloni ha scoperto di essere indagata dalla Procura d\u00ec Roma. Ne esce un quadro devastante dell\u2019inadeguatezza umana e professionale della nostra magistratura, che organizza proteste alle inaugurazioni dell\u2019anno giudiziario con le stesse modalit\u00e0 di un sit-in di studenti liceali, che indaga il Capo del Governo come \u201catto dovuto\u201d per una decisione politica chiaramente compiuta per ragion di Stato, che perpetra continuamente piccole e grandi ingiustizie, come quella che ha colpito anche il sottoscritto. Ed \u00e8 cos\u00ec in tutto il mondo, come dimostrano le condanne a Trump, Sarkozy, Lula: troppi magistrati in diverse nazioni si incaricano di essere l\u2019avanguardia del processo di desovranizzazione delle democrazie e della politica, in nome di una concezione della Legge in apparenza cieca e astratta, ma in realt\u00e0 condizionata da poteri sovranazionali. Credo quindi che ci sia lo spazio politico per una battaglia che metta insieme la difesa della politica e della democrazia con i diritti dei pi\u00f9 umili cittadini, compreso chi oggi languisce in carceri sovraffollate fino all\u2019inverosimile per un insostenibile giustizialismo che anima troppi magistrati e troppi politici inadeguati. Questa lotta \u00e8 perfettamente compatibile con quella per la difesa della legalit\u00e0 e della sicurezza dei cittadini, perch\u00e9 il problema non sono i detenuti che stanno in carcere, ma i delinquenti che rimangono sistematicamente fuori, solo perch\u00e9 sono protetti dalle lobby dominanti. Insieme a questo voglio sollecitarvi a tenere alte le battaglie e le proposte politiche del SOVRANISMO SOCIALE.<\/em><\/p>\n<p><em>Questo \u00e8 tanto pi\u00f9 indispensabile adesso che tutto il mondo si sta confrontando con le contraddittorie conseguenze del \u201cciclone Trump\u201d. Il nuovo Presidente degli Stati Uniti, di volta in volta, prende decisioni importanti o molto pericolose: si scatena contro l\u2019immigrazione, il politicamente corretto, le teorie gender, il potere dell\u2019OMS e delle multinazionali dei vaccini Covid, promette di parlare finalmente con Putin per fermare la guerra in Ucraina, ma nel contempo esalta il ritorno della supremazia americana anche attraverso le multinazionali Bigtech, i dazi contro tutti i paesi europei, lo smantellamento delle protezioni sociali, continua a coprire le nefandezze di Netanyahu in Palestina. Ma c\u2019\u00e8 sicuramente una grande \u201cfinestra di opportunit\u00e0\u201d che la Presidenza Trump pu\u00f2 aprire all\u2019ltalia: LA POSSIBILIT\u00c0 DI USCIRE FINALMENTE DALL\u2019UNIONE EUROPEA. \u00c8 evidente che Trump \u00e8 ostile all\u2019Unione Europea, ma quest\u2019ultima non \u00e8 difendibile perch\u00e9 continua a insistere su posizioni insostenibili come la guerra in Ucraina e il Green Deal e rappresenta un oggettivo ostacolo allo sviluppo economico e sociale dell\u2019Italia. Giorgia Meloni si illude di fare da mediatrice tra Trump e la Von der Leyen; ma, ammesso e non concesso che le riesca, sta incarnando un ruolo debole che non le consentir\u00e0 di utilizzare in modo strategico la stessa \u201cfinestra di opportunit\u00e0\u201d che ha consentito la Brexit durante il primo mandato Trump e che oggi potrebbe permettere un\u2019analoga operazione da parte dell\u2019Italia. Proviamo ad occupare noi questo ruolo (che, come dimostra il Rapporto CENSIS trova il consenso della maggioranza degli Italiani) sia come Indipendenza sia costituendo un apposito COMITATO USCIRE DALL\u2019UNIONE EUROPEA aperto a chiunque voglia starci. Questo non significa essere contro l\u2019Europa: noi vogliamo indicare UN MODELLO ALTERNATIVO DI COOPERAZIONE EUROPEA che sia realmente virtuoso, ma questo non pu\u00f2 che passare attraverso un azzeramento dell\u2019attuale Unione Europea, o comunque attraverso un radicale negoziato per imporre a Bruxelles un totale cambiamento di rotta rispetto alle fallimentari logiche neo-liberiste a cui sono ispirati i Trattati. Peraltro su questa linea cl sono molti movimenti sovranisti europei, mentre i conservatori italiani continuano a rimanere pericolosamente indietro.<\/em><\/p>\n<p><em>Insieme a questo dobbiamo LOTTARE PER I DIRITTI SOCIALI E DEL LAVORO UNITI A QUELLI IDENTITARI. Noi dobbiamo dimostrare che, soprattutto in Italia, per difendere questi diritti \u00e8 necessario un maggiore intervento dello Stato e una pi\u00f9 forte difesa degli interessi del popolo contro quelli della grande finanza e dei trust multinazionali, intervento che resta per\u00f2 incompatibile con la permanenza dentro l\u2019Unione Europea. Non \u00e8 semplice, perch\u00e9 sui temi sociali si rischia una confusione con l\u2019astratta demagogia della sinistra, ma se si riesce a comunicare i principi del SOVRANISMO SOCIALE, cio\u00e8 lo stretto legame che c\u2019\u00e8 tra sovranit\u00e0, diritti identitari e diritti sociali, si pu\u00f2 marcare la differenza. Per quanto riguarda gli aspetti organizzativi del Movimento, NON POSSO NON PRESENTARVI LE MIE DIMISSIONI DA SEGRETARIO NAZIONALE: funzione che non posso certo assolvere nella condizione in cui mi trovo. Credo che sia opportuno che io sia sostituito da UN AMPIO ORGANO DI REGGENZA COORDINATO DAL PRESIDENTE ARLECHINO E DAL VICESEGRETARIO VICARIO TAGLIALATELA, in cui siano presenti gli attuali quattro vicesegretari, i componenti del Comitato di presidenza e alcuni dei Coordinatori regionali. Credo anche che sia positivo continuare la battaglia per la CANDIDATURA DI NICOLA COLOSIMO A ROMA, facendola crescere in mezzo al popolo per mettere in crisi i soliti giochi di palazzo della politica romana.<\/em><\/p>\n<p><em>Cari militanti, questo \u00e8 il momento di dimostrare che Indipendenza e il Sovranismo sociale possono avere un importante ruolo politico e sociale, al di l\u00e0 delle persone e delle cariche politiche. Conto su voi per continuare una lotta che vedo ancora pi\u00f9 indispensabile di quanto mi appariva quando fondammo il nostro Movimento nel novembre del 2023.<\/em><br \/>\n<em>Abbraccio forte ognuno di voi.<\/em><\/p>\n<p>Gianni Alemanno<\/p>\n","protected":false},"excerpt":{"rendered":"<p>Riceviamo e volentieri pubblichiamo la lettera aperta ai dirigenti e militanti di Indipendenza scritta da Gianni Alemanno, dal carcere di Rebibbia. Cari militanti di Indipendenza, mi rivolgo a voi pubblicamente, per la prima volta a un mese dall\u2019inizio della mia detenzione al Carcere di Rebibbia. Fino ad ora \u2013 su sollecitazione dei miei difensori \u2013 [&hellip;]<\/p>\n","protected":false},"author":3,"featured_media":1394,"comment_status":"open","ping_status":"closed","sticky":false,"template":"","format":"standard","meta":{"om_disable_all_campaigns":false,"_monsterinsights_skip_tracking":false,"_monsterinsights_sitenote_active":false,"_monsterinsights_sitenote_note":"","_monsterinsights_sitenote_category":0,"_uf_show_specific_survey":0,"_uf_disable_surveys":false,"footnotes":""},"categories":[33],"tags":[301,137,172,302,303],"class_list":{"0":"post-1393","1":"post","2":"type-post","3":"status-publish","4":"format-standard","5":"has-post-thumbnail","7":"category-politica","8":"tag-carceredirebibbia","9":"tag-giannialemanno","10":"tag-indipendenza","11":"tag-letteraperta-dirigenti","12":"tag-militanti"},"aioseo_notices":[],"_links":{"self":[{"href":"https:\/\/ilsovranista.com\/index.php?rest_route=\/wp\/v2\/posts\/1393","targetHints":{"allow":["GET"]}}],"collection":[{"href":"https:\/\/ilsovranista.com\/index.php?rest_route=\/wp\/v2\/posts"}],"about":[{"href":"https:\/\/ilsovranista.com\/index.php?rest_route=\/wp\/v2\/types\/post"}],"author":[{"embeddable":true,"href":"https:\/\/ilsovranista.com\/index.php?rest_route=\/wp\/v2\/users\/3"}],"replies":[{"embeddable":true,"href":"https:\/\/ilsovranista.com\/index.php?rest_route=%2Fwp%2Fv2%2Fcomments&post=1393"}],"version-history":[{"count":1,"href":"https:\/\/ilsovranista.com\/index.php?rest_route=\/wp\/v2\/posts\/1393\/revisions"}],"predecessor-version":[{"id":1395,"href":"https:\/\/ilsovranista.com\/index.php?rest_route=\/wp\/v2\/posts\/1393\/revisions\/1395"}],"wp:featuredmedia":[{"embeddable":true,"href":"https:\/\/ilsovranista.com\/index.php?rest_route=\/wp\/v2\/media\/1394"}],"wp:attachment":[{"href":"https:\/\/ilsovranista.com\/index.php?rest_route=%2Fwp%2Fv2%2Fmedia&parent=1393"}],"wp:term":[{"taxonomy":"category","embeddable":true,"href":"https:\/\/ilsovranista.com\/index.php?rest_route=%2Fwp%2Fv2%2Fcategories&post=1393"},{"taxonomy":"post_tag","embeddable":true,"href":"https:\/\/ilsovranista.com\/index.php?rest_route=%2Fwp%2Fv2%2Ftags&post=1393"}],"curies":[{"name":"wp","href":"https:\/\/api.w.org\/{rel}","templated":true}]}}