{"id":1388,"date":"2025-02-03T18:35:46","date_gmt":"2025-02-03T17:35:46","guid":{"rendered":"https:\/\/ilsovranista.com\/?p=1388"},"modified":"2025-02-03T18:35:46","modified_gmt":"2025-02-03T17:35:46","slug":"futuro-nella-lega-vannacci-mi-ispiro-alla-guerriglia-ma-non-faccio-un-partito","status":"publish","type":"post","link":"https:\/\/ilsovranista.com\/?p=1388","title":{"rendered":"Futuro nella Lega, Vannacci: &#8220;mi ispiro alla guerriglia ma non faccio un partito&#8221;"},"content":{"rendered":"<p>&#8220;Il<strong> mondo al contrario<\/strong> \u00e8 un comitato culturale nato dopo la pubblicazione del libro, nell\u2019agosto 2023. Intanto, sono diventato un politico. \u00c8 normale, quindi, che quest\u2019associazione si trasformi prendendo ispirazione dalla guerriglia: non \u00e8 prevista nessuna gerarchia, i gruppi agiranno in base ad alcune direttive. Ci sar\u00e0 un nuovo statuto, con un diverso scopo. Non diventer\u00e0 un partito, per\u00f2&#8221;.<\/p>\n<p>Lo ha precisato\u00a0<strong>Roberto Vannacci,\u00a0<\/strong>parlamentare europeo della Lega, intervistato dal quotidiano La Verit\u00e0.<\/p>\n<p>Alla domanda se si tratti di una\u00a0<strong>lista civica<\/strong>, il generale risponde: \u201cCertamente. Se aumenta il numero dei miei sostenitori, cresce la Lega. Io sono sempre stato attento all\u2019obiettivo. Il nostro \u00e8 raddrizzare il mondo. Lo strumento per raggiungere questo scopo esiste: si chiama Lega. Se domani dovessero crearsi presupposti diversi, la situazione potrebbe cambiare. Ma adesso non ci sono ragioni per creare un nuovo soggetto politico&#8221;, smentendo nei fatti chi diceva che il generale avrebbe fatto un suo partito, ma questo non \u00e8 successo.<\/p>\n<p>&#8220;Sono una persona che crede nella parola data, conclude Vannacci, questo mi contraddistingue da molti altri politici, che la considerano un orpello. Fino a quando non sar\u00e0 tradita, andremo avanti insieme\u201d.<\/p>\n","protected":false},"excerpt":{"rendered":"<p>&#8220;Il mondo al contrario \u00e8 un comitato culturale nato dopo la pubblicazione del libro, nell\u2019agosto 2023. Intanto, sono diventato un politico. \u00c8 normale, quindi, che quest\u2019associazione si trasformi prendendo ispirazione dalla guerriglia: non \u00e8 prevista nessuna gerarchia, i gruppi agiranno in base ad alcune direttive. Ci sar\u00e0 un nuovo statuto, con un diverso scopo. Non [&hellip;]<\/p>\n","protected":false},"author":3,"featured_media":1389,"comment_status":"open","ping_status":"closed","sticky":false,"template":"","format":"standard","meta":{"om_disable_all_campaigns":false,"_monsterinsights_skip_tracking":false,"_monsterinsights_sitenote_active":false,"_monsterinsights_sitenote_note":"","_monsterinsights_sitenote_category":0,"_uf_show_specific_survey":0,"_uf_disable_surveys":false,"footnotes":""},"categories":[33],"tags":[],"class_list":{"0":"post-1388","1":"post","2":"type-post","3":"status-publish","4":"format-standard","5":"has-post-thumbnail","7":"category-politica"},"aioseo_notices":[],"_links":{"self":[{"href":"https:\/\/ilsovranista.com\/index.php?rest_route=\/wp\/v2\/posts\/1388","targetHints":{"allow":["GET"]}}],"collection":[{"href":"https:\/\/ilsovranista.com\/index.php?rest_route=\/wp\/v2\/posts"}],"about":[{"href":"https:\/\/ilsovranista.com\/index.php?rest_route=\/wp\/v2\/types\/post"}],"author":[{"embeddable":true,"href":"https:\/\/ilsovranista.com\/index.php?rest_route=\/wp\/v2\/users\/3"}],"replies":[{"embeddable":true,"href":"https:\/\/ilsovranista.com\/index.php?rest_route=%2Fwp%2Fv2%2Fcomments&post=1388"}],"version-history":[{"count":1,"href":"https:\/\/ilsovranista.com\/index.php?rest_route=\/wp\/v2\/posts\/1388\/revisions"}],"predecessor-version":[{"id":1390,"href":"https:\/\/ilsovranista.com\/index.php?rest_route=\/wp\/v2\/posts\/1388\/revisions\/1390"}],"wp:featuredmedia":[{"embeddable":true,"href":"https:\/\/ilsovranista.com\/index.php?rest_route=\/wp\/v2\/media\/1389"}],"wp:attachment":[{"href":"https:\/\/ilsovranista.com\/index.php?rest_route=%2Fwp%2Fv2%2Fmedia&parent=1388"}],"wp:term":[{"taxonomy":"category","embeddable":true,"href":"https:\/\/ilsovranista.com\/index.php?rest_route=%2Fwp%2Fv2%2Fcategories&post=1388"},{"taxonomy":"post_tag","embeddable":true,"href":"https:\/\/ilsovranista.com\/index.php?rest_route=%2Fwp%2Fv2%2Ftags&post=1388"}],"curies":[{"name":"wp","href":"https:\/\/api.w.org\/{rel}","templated":true}]}}