{"id":1369,"date":"2025-02-02T21:28:15","date_gmt":"2025-02-02T20:28:15","guid":{"rendered":"https:\/\/ilsovranista.com\/?p=1369"},"modified":"2025-02-02T21:28:15","modified_gmt":"2025-02-02T20:28:15","slug":"reggio-calabria-immigrato-accoltella-giovane-ventenne-recupero-lega-la-citta-non-e-piu-sicura","status":"publish","type":"post","link":"https:\/\/ilsovranista.com\/?p=1369","title":{"rendered":"Reggio Calabria, immigrato accoltella giovane ventenne. Recupero (Lega): la citt\u00e0 non \u00e8 pi\u00f9 sicura"},"content":{"rendered":"<p>\u201cReggio Calabria non \u00e8 pi\u00f9 una citt\u00e0 sicura. L\u2019ennesimo episodio di violenza perpetrato da un immigrato ai danni di un giovane italiano non pu\u00f2 e non deve passare inosservato\u201d.<\/p>\n<p>Lo afferma in una nota, diffusa alla stampa,\u00a0<strong>Franco Recupero,\u00a0<\/strong>segretario provinciale della <strong>Lega\u00a0<\/strong>a Reggio Calabria, in\u00a0 seguito ad un episodio avvenuto la notte scorsa in pieno centro, quando un immigrato ha accoltellato un giovane di 22 anni<strong>,<\/strong> che lo aveva colto in flagrante mentre si era introdotto nella propria auto nel tentativo di rubare il mezzo o di sottrarre oggetti presenti al suo interno.<\/p>\n<p>&#8220;Il giovane, precisa l&#8217;esponente leghista, \u00e8 ricoverato al<strong>\u00a0Gom<\/strong>, sta ora lottando tra la vita e la morte, mentre il criminale immigrato \u00e8 riuscito a fuggire Si tratta di un episodio gravissimo che conferma per l\u2019ennesima volta l\u2019urgenza di mettere in atto misure molto pi\u00f9 rigide a garantire la sacrosanta sicurezza dei cittadini reggini, dove l\u2019immigrazione clandestina e la microcriminalit\u00e0 sono un serio problema&#8221;.<\/p>\n","protected":false},"excerpt":{"rendered":"<p>\u201cReggio Calabria non \u00e8 pi\u00f9 una citt\u00e0 sicura. L\u2019ennesimo episodio di violenza perpetrato da un immigrato ai danni di un giovane italiano non pu\u00f2 e non deve passare inosservato\u201d. Lo afferma in una nota, diffusa alla stampa,\u00a0Franco Recupero,\u00a0segretario provinciale della Lega\u00a0a Reggio Calabria, in\u00a0 seguito ad un episodio avvenuto la notte scorsa in pieno centro, [&hellip;]<\/p>\n","protected":false},"author":3,"featured_media":1370,"comment_status":"open","ping_status":"closed","sticky":false,"template":"","format":"standard","meta":{"om_disable_all_campaigns":false,"_monsterinsights_skip_tracking":false,"_monsterinsights_sitenote_active":false,"_monsterinsights_sitenote_note":"","_monsterinsights_sitenote_category":0,"_uf_show_specific_survey":0,"_uf_disable_surveys":false,"footnotes":""},"categories":[36],"tags":[284,286,285,44,288,287],"class_list":{"0":"post-1369","1":"post","2":"type-post","3":"status-publish","4":"format-standard","5":"has-post-thumbnail","7":"category-prima-i-territori","8":"tag-accoltellamento","9":"tag-giovaneventenne","10":"tag-immigrato","11":"tag-lega","12":"tag-recupero","13":"tag-reggiocalabria"},"aioseo_notices":[],"_links":{"self":[{"href":"https:\/\/ilsovranista.com\/index.php?rest_route=\/wp\/v2\/posts\/1369","targetHints":{"allow":["GET"]}}],"collection":[{"href":"https:\/\/ilsovranista.com\/index.php?rest_route=\/wp\/v2\/posts"}],"about":[{"href":"https:\/\/ilsovranista.com\/index.php?rest_route=\/wp\/v2\/types\/post"}],"author":[{"embeddable":true,"href":"https:\/\/ilsovranista.com\/index.php?rest_route=\/wp\/v2\/users\/3"}],"replies":[{"embeddable":true,"href":"https:\/\/ilsovranista.com\/index.php?rest_route=%2Fwp%2Fv2%2Fcomments&post=1369"}],"version-history":[{"count":1,"href":"https:\/\/ilsovranista.com\/index.php?rest_route=\/wp\/v2\/posts\/1369\/revisions"}],"predecessor-version":[{"id":1371,"href":"https:\/\/ilsovranista.com\/index.php?rest_route=\/wp\/v2\/posts\/1369\/revisions\/1371"}],"wp:featuredmedia":[{"embeddable":true,"href":"https:\/\/ilsovranista.com\/index.php?rest_route=\/wp\/v2\/media\/1370"}],"wp:attachment":[{"href":"https:\/\/ilsovranista.com\/index.php?rest_route=%2Fwp%2Fv2%2Fmedia&parent=1369"}],"wp:term":[{"taxonomy":"category","embeddable":true,"href":"https:\/\/ilsovranista.com\/index.php?rest_route=%2Fwp%2Fv2%2Fcategories&post=1369"},{"taxonomy":"post_tag","embeddable":true,"href":"https:\/\/ilsovranista.com\/index.php?rest_route=%2Fwp%2Fv2%2Ftags&post=1369"}],"curies":[{"name":"wp","href":"https:\/\/api.w.org\/{rel}","templated":true}]}}