{"id":1364,"date":"2025-02-02T16:55:44","date_gmt":"2025-02-02T15:55:44","guid":{"rendered":"https:\/\/ilsovranista.com\/?p=1364"},"modified":"2025-02-02T16:55:44","modified_gmt":"2025-02-02T15:55:44","slug":"fratelli-ditalia-a-bari-sfida-a-due-per-la-segreteria-tatarella-e-lella","status":"publish","type":"post","link":"https:\/\/ilsovranista.com\/?p=1364","title":{"rendered":"Fratelli d&#8217;Italia, a Bari sfida a due per la segreteria: Tatarella e Lella"},"content":{"rendered":"<p>Sono due le proposte di candidatura a coordinatore cittadino di\u00a0<strong>Fratelli d&#8217;Italia<\/strong>\u00a0<strong>Bari<\/strong>:\u00a0<strong>Antonella Lella<\/strong>, coordinatore uscente, la cui candidatura \u00e8 stata sottoscritta da n. 657 iscritti, e\u00a0<strong>Fabrizio Tatarella<\/strong>, la cui candidatura \u00e8 stata sottoscritta da n. 139 iscritti. Lo rende noto il presidente provinciale del partito, <strong>Michele Picario<\/strong>. Il congresso si terr\u00e0 domenica prossima 9 febbraio.<\/p>\n<p>\u00abIl congresso di Bari, dichiara Picario, rappresenta una ulteriore tappa del cammino intrapreso dal partito che, al di l\u00e0 del tesseramento che ha visto lievitare gli iscritti nella citt\u00e0 di Bari da 700 a 1.783, ha ottenuto la percentuale pi\u00f9 alta di consensi alle amministrative nei capoluoghi di provincia pugliesi (eleggendo 15 tra consiglieri comunali e municipali) e ha altres\u00ec eletto un parlamentare europeo\u00bb.<\/p>\n","protected":false},"excerpt":{"rendered":"<p>Sono due le proposte di candidatura a coordinatore cittadino di\u00a0Fratelli d&#8217;Italia\u00a0Bari:\u00a0Antonella Lella, coordinatore uscente, la cui candidatura \u00e8 stata sottoscritta da n. 657 iscritti, e\u00a0Fabrizio Tatarella, la cui candidatura \u00e8 stata sottoscritta da n. 139 iscritti. Lo rende noto il presidente provinciale del partito, Michele Picario. Il congresso si terr\u00e0 domenica prossima 9 febbraio. \u00abIl [&hellip;]<\/p>\n","protected":false},"author":3,"featured_media":1365,"comment_status":"open","ping_status":"closed","sticky":false,"template":"","format":"standard","meta":{"om_disable_all_campaigns":false,"_monsterinsights_skip_tracking":false,"_monsterinsights_sitenote_active":false,"_monsterinsights_sitenote_note":"","_monsterinsights_sitenote_category":0,"_uf_show_specific_survey":0,"_uf_disable_surveys":false,"footnotes":""},"categories":[36],"tags":[282,281,283,47],"class_list":{"0":"post-1364","1":"post","2":"type-post","3":"status-publish","4":"format-standard","5":"has-post-thumbnail","7":"category-prima-i-territori","8":"tag-antonellalella","9":"tag-congressocittadino","10":"tag-fabriziotatarella","11":"tag-fratelliditalia"},"aioseo_notices":[],"_links":{"self":[{"href":"https:\/\/ilsovranista.com\/index.php?rest_route=\/wp\/v2\/posts\/1364","targetHints":{"allow":["GET"]}}],"collection":[{"href":"https:\/\/ilsovranista.com\/index.php?rest_route=\/wp\/v2\/posts"}],"about":[{"href":"https:\/\/ilsovranista.com\/index.php?rest_route=\/wp\/v2\/types\/post"}],"author":[{"embeddable":true,"href":"https:\/\/ilsovranista.com\/index.php?rest_route=\/wp\/v2\/users\/3"}],"replies":[{"embeddable":true,"href":"https:\/\/ilsovranista.com\/index.php?rest_route=%2Fwp%2Fv2%2Fcomments&post=1364"}],"version-history":[{"count":1,"href":"https:\/\/ilsovranista.com\/index.php?rest_route=\/wp\/v2\/posts\/1364\/revisions"}],"predecessor-version":[{"id":1366,"href":"https:\/\/ilsovranista.com\/index.php?rest_route=\/wp\/v2\/posts\/1364\/revisions\/1366"}],"wp:featuredmedia":[{"embeddable":true,"href":"https:\/\/ilsovranista.com\/index.php?rest_route=\/wp\/v2\/media\/1365"}],"wp:attachment":[{"href":"https:\/\/ilsovranista.com\/index.php?rest_route=%2Fwp%2Fv2%2Fmedia&parent=1364"}],"wp:term":[{"taxonomy":"category","embeddable":true,"href":"https:\/\/ilsovranista.com\/index.php?rest_route=%2Fwp%2Fv2%2Fcategories&post=1364"},{"taxonomy":"post_tag","embeddable":true,"href":"https:\/\/ilsovranista.com\/index.php?rest_route=%2Fwp%2Fv2%2Ftags&post=1364"}],"curies":[{"name":"wp","href":"https:\/\/api.w.org\/{rel}","templated":true}]}}