{"id":1355,"date":"2025-02-02T16:22:05","date_gmt":"2025-02-02T15:22:05","guid":{"rendered":"https:\/\/ilsovranista.com\/?p=1355"},"modified":"2025-02-02T16:29:05","modified_gmt":"2025-02-02T15:29:05","slug":"merz-assicura-la-cdu-non-collaborera-con-alternativa-per-la-germania","status":"publish","type":"post","link":"https:\/\/ilsovranista.com\/?p=1355","title":{"rendered":"Merz assicura &#8220;la Cdu non collaborer\u00e0 con Alternativa per la Germania&#8221;"},"content":{"rendered":"<p>&#8220;E&#8217; stato detto pi\u00f9 volte chiaramente: non ci sar\u00e0 alcuna collaborazione fra noi e Alternativa per la Germania. Noi lottiamo per avere maggioranze nel centro del nostro sistema democratico&#8221;. Lo ha dichiarato Friedrich Merz, leader della CDU, candidato cancelliere alle politiche del 23 febbraio,\u00a0parlando alla stampa a margine di una visita al centro in cui domani si terr\u00e0 il congresso di partito della Cdu.<\/p>\n<p>Alla domanda se accetter\u00e0 i voti di Alternativa per la Germania al fine di raggiungere la maggioranza ha risposto: &#8220;no&#8221;, aggiungendo di poterlo garantire personalmente<\/p>\n","protected":false},"excerpt":{"rendered":"<p>&#8220;E&#8217; stato detto pi\u00f9 volte chiaramente: non ci sar\u00e0 alcuna collaborazione fra noi e Alternativa per la Germania. Noi lottiamo per avere maggioranze nel centro del nostro sistema democratico&#8221;. Lo ha dichiarato Friedrich Merz, leader della CDU, candidato cancelliere alle politiche del 23 febbraio,\u00a0parlando alla stampa a margine di una visita al centro in cui [&hellip;]<\/p>\n","protected":false},"author":3,"featured_media":1356,"comment_status":"open","ping_status":"closed","sticky":false,"template":"","format":"standard","meta":{"om_disable_all_campaigns":false,"_monsterinsights_skip_tracking":false,"_monsterinsights_sitenote_active":false,"_monsterinsights_sitenote_note":"","_monsterinsights_sitenote_category":0,"_uf_show_specific_survey":0,"_uf_disable_surveys":false,"footnotes":""},"categories":[275],"tags":[278,276,277],"class_list":{"0":"post-1355","1":"post","2":"type-post","3":"status-publish","4":"format-standard","5":"has-post-thumbnail","7":"category-europa","8":"tag-cdu-afd","9":"tag-elezionigermania","10":"tag-merz"},"aioseo_notices":[],"_links":{"self":[{"href":"https:\/\/ilsovranista.com\/index.php?rest_route=\/wp\/v2\/posts\/1355","targetHints":{"allow":["GET"]}}],"collection":[{"href":"https:\/\/ilsovranista.com\/index.php?rest_route=\/wp\/v2\/posts"}],"about":[{"href":"https:\/\/ilsovranista.com\/index.php?rest_route=\/wp\/v2\/types\/post"}],"author":[{"embeddable":true,"href":"https:\/\/ilsovranista.com\/index.php?rest_route=\/wp\/v2\/users\/3"}],"replies":[{"embeddable":true,"href":"https:\/\/ilsovranista.com\/index.php?rest_route=%2Fwp%2Fv2%2Fcomments&post=1355"}],"version-history":[{"count":3,"href":"https:\/\/ilsovranista.com\/index.php?rest_route=\/wp\/v2\/posts\/1355\/revisions"}],"predecessor-version":[{"id":1359,"href":"https:\/\/ilsovranista.com\/index.php?rest_route=\/wp\/v2\/posts\/1355\/revisions\/1359"}],"wp:featuredmedia":[{"embeddable":true,"href":"https:\/\/ilsovranista.com\/index.php?rest_route=\/wp\/v2\/media\/1356"}],"wp:attachment":[{"href":"https:\/\/ilsovranista.com\/index.php?rest_route=%2Fwp%2Fv2%2Fmedia&parent=1355"}],"wp:term":[{"taxonomy":"category","embeddable":true,"href":"https:\/\/ilsovranista.com\/index.php?rest_route=%2Fwp%2Fv2%2Fcategories&post=1355"},{"taxonomy":"post_tag","embeddable":true,"href":"https:\/\/ilsovranista.com\/index.php?rest_route=%2Fwp%2Fv2%2Ftags&post=1355"}],"curies":[{"name":"wp","href":"https:\/\/api.w.org\/{rel}","templated":true}]}}