{"id":1313,"date":"2025-02-01T16:24:26","date_gmt":"2025-02-01T15:24:26","guid":{"rendered":"https:\/\/ilsovranista.com\/?p=1313"},"modified":"2025-02-01T16:24:26","modified_gmt":"2025-02-01T15:24:26","slug":"albania-bignami-fdi-resistenza-da-pezzo-di-magistratura","status":"publish","type":"post","link":"https:\/\/ilsovranista.com\/?p=1313","title":{"rendered":"Albania, Bignami (FdI): resistenza da pezzo di magistratura"},"content":{"rendered":"<p>&#8220;Con la sospensione di parte degli immigrati trasferiti in Albania, si assiste a un atteggiamento di resistenza da parte di un pezzo della magistratura italiana nei confronti delle misure adottate per garantire la sicurezza e contrastare l\u2019immigrazione irregolare. Ancora una volta ci troviamo di fronte a una presa di posizione che sembra andare oltre l\u2019ambito giuridico, assumendo una connotazione politica e ostacolando l\u2019azione del governo Meloni. Il centrodestra guidato da Fratelli d\u2019Italia non si lascer\u00e0 intimidire e proseguir\u00e0 il percorso intrapreso che \u00e8 ben chiaro agli italiani e non pu\u00f2 essere fermato da chi cerca di bloccare, con pretesti giudiziari, interventi necessari per il bene della Nazione&#8221;.<\/p>\n<p>Lo afferma in una nota, diffusa alla stampa,\u00a0<strong>Galeazzo Bignami,\u00a0<\/strong>capogruppo di\u00a0<strong>Fratelli d&#8217;Italia\u00a0<\/strong>alla Camera dei Deputati<\/p>\n","protected":false},"excerpt":{"rendered":"<p>&#8220;Con la sospensione di parte degli immigrati trasferiti in Albania, si assiste a un atteggiamento di resistenza da parte di un pezzo della magistratura italiana nei confronti delle misure adottate per garantire la sicurezza e contrastare l\u2019immigrazione irregolare. Ancora una volta ci troviamo di fronte a una presa di posizione che sembra andare oltre l\u2019ambito [&hellip;]<\/p>\n","protected":false},"author":3,"featured_media":1198,"comment_status":"open","ping_status":"closed","sticky":false,"template":"","format":"standard","meta":{"om_disable_all_campaigns":false,"_monsterinsights_skip_tracking":false,"_monsterinsights_sitenote_active":false,"_monsterinsights_sitenote_note":"","_monsterinsights_sitenote_category":0,"_uf_show_specific_survey":0,"_uf_disable_surveys":false,"footnotes":""},"categories":[33],"tags":[47,250,249,247,248],"class_list":{"0":"post-1313","1":"post","2":"type-post","3":"status-publish","4":"format-standard","5":"has-post-thumbnail","7":"category-politica","8":"tag-fratelliditalia","9":"tag-galeazzobignami","10":"tag-magistratura","11":"tag-sospensione","12":"tag-trasferimentoimmigrati"},"aioseo_notices":[],"_links":{"self":[{"href":"https:\/\/ilsovranista.com\/index.php?rest_route=\/wp\/v2\/posts\/1313","targetHints":{"allow":["GET"]}}],"collection":[{"href":"https:\/\/ilsovranista.com\/index.php?rest_route=\/wp\/v2\/posts"}],"about":[{"href":"https:\/\/ilsovranista.com\/index.php?rest_route=\/wp\/v2\/types\/post"}],"author":[{"embeddable":true,"href":"https:\/\/ilsovranista.com\/index.php?rest_route=\/wp\/v2\/users\/3"}],"replies":[{"embeddable":true,"href":"https:\/\/ilsovranista.com\/index.php?rest_route=%2Fwp%2Fv2%2Fcomments&post=1313"}],"version-history":[{"count":1,"href":"https:\/\/ilsovranista.com\/index.php?rest_route=\/wp\/v2\/posts\/1313\/revisions"}],"predecessor-version":[{"id":1314,"href":"https:\/\/ilsovranista.com\/index.php?rest_route=\/wp\/v2\/posts\/1313\/revisions\/1314"}],"wp:featuredmedia":[{"embeddable":true,"href":"https:\/\/ilsovranista.com\/index.php?rest_route=\/wp\/v2\/media\/1198"}],"wp:attachment":[{"href":"https:\/\/ilsovranista.com\/index.php?rest_route=%2Fwp%2Fv2%2Fmedia&parent=1313"}],"wp:term":[{"taxonomy":"category","embeddable":true,"href":"https:\/\/ilsovranista.com\/index.php?rest_route=%2Fwp%2Fv2%2Fcategories&post=1313"},{"taxonomy":"post_tag","embeddable":true,"href":"https:\/\/ilsovranista.com\/index.php?rest_route=%2Fwp%2Fv2%2Ftags&post=1313"}],"curies":[{"name":"wp","href":"https:\/\/api.w.org\/{rel}","templated":true}]}}