{"id":1306,"date":"2025-02-01T16:12:45","date_gmt":"2025-02-01T15:12:45","guid":{"rendered":"https:\/\/ilsovranista.com\/?p=1306"},"modified":"2025-02-01T16:12:45","modified_gmt":"2025-02-01T15:12:45","slug":"cisint-lega-a-bologna-picchiata-a-16-anni-per-il-velo-integrazione-assente-sinistra-latita","status":"publish","type":"post","link":"https:\/\/ilsovranista.com\/?p=1306","title":{"rendered":"Cisint (Lega), a Bologna picchiata a 16 anni per il velo, integrazione assente, sinistra latita"},"content":{"rendered":"<div dir=\"ltr\">Ennesimo episodio di radicalismo islamico a Bologna. Ragazza di 16 anni pestata dal padre perch\u00e9 non voleva indossare il velo. Una cancellazione dei diritti delle persone e delle donne che nell\u2019Islam radicale \u00e8 normale prassi. Purtroppo \u00e8 un fenomeno sempre pi\u00f9 diffuso di fronte a cui la sinistra si gira dall\u2019altra parte&#8221;.<\/div>\n<div dir=\"ltr\">Lo ha affermato\u00a0<strong> Anna Cisint,<\/strong> parlamentare europeo della Lega in una nota congiunta<strong> con Matteo Di Benedetto,\u00a0<\/strong>capogruppo del Carroccio in consiglio comunale a Bologna.<\/div>\n<div id=\"v1AppleMailSignature\" dir=\"ltr\"><\/div>\n<div id=\"v1AppleMailSignature\" dir=\"ltr\">&#8220;Il Sindaco Lepore ha spiegato ai suoi cittadini che cosa sta coltivando in casa con l\u2019accoglienza di massa che promuove? Il radicalismo islamico cresce, si impone con la forza appena ha i numeri e poi calpesta tutto e tutti, partendo dalle donne e dai loro diritti, considerati inesistenti da quella cultura. Lo so bene io che l\u2019ho vissuto in prima persona come Sindaco a Monfalcone, sono stata minacciata di morte e di ogni tipo di violenza perch\u00e9 difendevo le ragazze e i loro diritti proprio di fronte a episodi come questi.<\/div>\n<div class=\"google-auto-placed ap_container\"><ins class=\"adsbygoogle adsbygoogle-noablate\" data-ad-format=\"auto\" data-ad-client=\"ca-pub-7458109881491959\" data-adsbygoogle-status=\"done\" data-ad-status=\"unfilled\"><\/p>\n<div id=\"aswift_2_host\"><span style=\"background-color: initial;\">Perch\u00e9 il Sindaco di Bologna, invece, rimane in silenzio? Nulla da dire, in difesa delle giovani donne che crescono a Bologna? Nessun aiuto alle ragazze che vivono schiacciate dalla Sharia? Se fosse un Sindaco responsabile, darebbe massima attenzione a questo fenomeno e agirebbe per garantire la massima tutela a queste ragazze, che hanno bisogno di specifiche attenzione e un aiuto dedicato per sfuggire dalla mano padronale dell\u2019Islam.<\/span><\/div>\n<p><\/ins><\/div>\n<div dir=\"ltr\">Bisogna tenere alta l\u2019attenzione e non fare s\u00ec che ci si abitui alla cancellazione dei diritti delle donne, altrimenti tutte le parole che spendiamo su questo tema sono vuote, ipocrite e una presa in giro nei confronti di ragazze come quella vittima del pestaggio in questi giorni. I diritti delle donne partono da qui, altrimenti la sinistra eviti di parlarne&#8221;.<\/div>\n<div id=\"v1AppleMailSignature\" dir=\"ltr\"><\/div>\n<div id=\"v1AppleMailSignature\" dir=\"ltr\">&#8220;Il radicalismo islamico, concludono <strong>Cisinit<\/strong> e<strong> Di Benedetto,<\/strong> \u00e8 un fenomeno che va monitorato e da cui bisogna difendere la comunit\u00e0, partendo dalle ragazze e dalle donne che sono le prime persone vittime della violenza che si sviluppa in questi contesti. La difesa dei diritti delle donne parte da qui&#8221;.<\/div>\n","protected":false},"excerpt":{"rendered":"<p>Ennesimo episodio di radicalismo islamico a Bologna. Ragazza di 16 anni pestata dal padre perch\u00e9 non voleva indossare il velo. Una cancellazione dei diritti delle persone e delle donne che nell\u2019Islam radicale \u00e8 normale prassi. Purtroppo \u00e8 un fenomeno sempre pi\u00f9 diffuso di fronte a cui la sinistra si gira dall\u2019altra parte&#8221;. Lo ha affermato\u00a0 [&hellip;]<\/p>\n","protected":false},"author":3,"featured_media":1307,"comment_status":"open","ping_status":"closed","sticky":false,"template":"","format":"standard","meta":{"om_disable_all_campaigns":false,"_monsterinsights_skip_tracking":false,"_monsterinsights_sitenote_active":false,"_monsterinsights_sitenote_note":"","_monsterinsights_sitenote_category":0,"_uf_show_specific_survey":0,"_uf_disable_surveys":false,"footnotes":""},"categories":[33],"tags":[243,44,241,240,242],"class_list":{"0":"post-1306","1":"post","2":"type-post","3":"status-publish","4":"format-standard","5":"has-post-thumbnail","7":"category-politica","8":"tag-cisnit","9":"tag-lega","10":"tag-pestaggio","11":"tag-ragazza","12":"tag-veloislamico"},"aioseo_notices":[],"_links":{"self":[{"href":"https:\/\/ilsovranista.com\/index.php?rest_route=\/wp\/v2\/posts\/1306","targetHints":{"allow":["GET"]}}],"collection":[{"href":"https:\/\/ilsovranista.com\/index.php?rest_route=\/wp\/v2\/posts"}],"about":[{"href":"https:\/\/ilsovranista.com\/index.php?rest_route=\/wp\/v2\/types\/post"}],"author":[{"embeddable":true,"href":"https:\/\/ilsovranista.com\/index.php?rest_route=\/wp\/v2\/users\/3"}],"replies":[{"embeddable":true,"href":"https:\/\/ilsovranista.com\/index.php?rest_route=%2Fwp%2Fv2%2Fcomments&post=1306"}],"version-history":[{"count":1,"href":"https:\/\/ilsovranista.com\/index.php?rest_route=\/wp\/v2\/posts\/1306\/revisions"}],"predecessor-version":[{"id":1308,"href":"https:\/\/ilsovranista.com\/index.php?rest_route=\/wp\/v2\/posts\/1306\/revisions\/1308"}],"wp:featuredmedia":[{"embeddable":true,"href":"https:\/\/ilsovranista.com\/index.php?rest_route=\/wp\/v2\/media\/1307"}],"wp:attachment":[{"href":"https:\/\/ilsovranista.com\/index.php?rest_route=%2Fwp%2Fv2%2Fmedia&parent=1306"}],"wp:term":[{"taxonomy":"category","embeddable":true,"href":"https:\/\/ilsovranista.com\/index.php?rest_route=%2Fwp%2Fv2%2Fcategories&post=1306"},{"taxonomy":"post_tag","embeddable":true,"href":"https:\/\/ilsovranista.com\/index.php?rest_route=%2Fwp%2Fv2%2Ftags&post=1306"}],"curies":[{"name":"wp","href":"https:\/\/api.w.org\/{rel}","templated":true}]}}