{"id":1277,"date":"2025-01-31T18:49:54","date_gmt":"2025-01-31T17:49:54","guid":{"rendered":"https:\/\/ilsovranista.com\/?p=1277"},"modified":"2025-01-31T18:49:54","modified_gmt":"2025-01-31T17:49:54","slug":"vandalizzata-la-tomba-di-jean-marie-le-pen","status":"publish","type":"post","link":"https:\/\/ilsovranista.com\/?p=1277","title":{"rendered":"Vandalizzata la tomba di Jean Marie Le Pen"},"content":{"rendered":"<p>Un atto inqualificabile&#8221;: a poco pi\u00f9 tre settimane dalla morte, il 7 gennaio scorso, la tomba di <strong>Jean-Marie Le Pen<\/strong>, fondatore e leader indiscusso del <strong>Front National <\/strong>\u00e8 stata gravemente danneggiata nella notte tra gioved\u00ec e venerd\u00ec, suscitando reazioni indignate .A cominciare da quelle della famiglia Le Pen, del Rassemblement National nonch\u00e9 del governo francese.<\/p>\n<p>I fatti sono avvenuti nel piccolo cimitero di <strong>La Trinit\u00e9-sur-Mer,<\/strong> in Bretagna, dove riposa il patriarca dell&#8217;estrema destra. &#8220;Avete distrutto la tomba dei nostri antenati. Pensate forse di spezzarci il cuore, di intimidirci, di scoraggiarci? La nostra risposta sar\u00e0 combattervi sempre e ancora di pi\u00f9, generazione dopo generazione. La nostra determinazione sar\u00e0 alla portata della vostra infamia&#8221;, ha protestato in un messaggio pubblicato su X la nipote <strong>Marion Mar\u00e9chal.<\/strong><\/p>\n<p>Al tweet l&#8217;esponente identitaria\u00a0 ha allegato una foto della tomba di famiglia semidistrutta. &#8220;La profanazione della tomba di Jean-Marie Le Pen &#8211; ha dichiarato da parte sua il segretario del<strong> Rassemblement National<\/strong>, <strong>Jordan Bardella<\/strong> &#8211; \u00e8 un atto inqualificabile, perpetrato da chi non rispetta n\u00e9 i vivi n\u00e9 i morti. La morale pi\u00f9 universale gi\u00e0 riprova gli autori: auspico che vengano ritrovati e severamente puniti dalla giustizia&#8221;. Di &#8220;abiezione assoluta&#8221; ha parlato anche il ministro dell&#8217;Interno, Bruno Retailleau. &#8220;Il rispetto dei morti &#8211; ha avvertito l&#8217;esponente governativo su X &#8211; \u00e8 ci\u00f2 che distingue la civilt\u00e0 dalla barbarie&#8221;.<\/p>\n<p>Secondo quanto riferito all&#8217;agenzia France Presse dall&#8217;eurodeputato lepenista e consigliere regionale di Bretagna, Gilles Pennelle, &#8220;la tomba \u00e8 stata letteralmente saccheggiata, probabilmente a colpi di bastone&#8221;. &#8220;Il rispetto dei morti \u00e8 sacro, qualcosa di molto profondo in Bretagna&#8221;, ha puntualizzato Pennelle, aggiungendo di essere stato avvertito di quanto accaduto in mattinata da alcuni cittadini della Trinit\u00e9-sur-Mer.<br \/>\nSecondo la sua testimonianza, &#8220;la pietra centrale \u00e8 stata spaccata, la croce rotta&#8221;, come anche le lapidi in omaggio a Le Pen e ai suoi familiari, tumulati nello stesso luogo. Agenti delle forze dell&#8217;ordine e rappresentanti del comune si sono recati sul posto per fare i primi rilievi. Il piccolo cimitero \u00e8 stato chiuso al pubblico.<\/p>\n","protected":false},"excerpt":{"rendered":"<p>Un atto inqualificabile&#8221;: a poco pi\u00f9 tre settimane dalla morte, il 7 gennaio scorso, la tomba di Jean-Marie Le Pen, fondatore e leader indiscusso del Front National \u00e8 stata gravemente danneggiata nella notte tra gioved\u00ec e venerd\u00ec, suscitando reazioni indignate .A cominciare da quelle della famiglia Le Pen, del Rassemblement National nonch\u00e9 del governo francese. [&hellip;]<\/p>\n","protected":false},"author":3,"featured_media":1278,"comment_status":"open","ping_status":"closed","sticky":false,"template":"","format":"standard","meta":{"om_disable_all_campaigns":false,"_monsterinsights_skip_tracking":false,"_monsterinsights_sitenote_active":false,"_monsterinsights_sitenote_note":"","_monsterinsights_sitenote_category":0,"_uf_show_specific_survey":0,"_uf_disable_surveys":false,"footnotes":""},"categories":[33],"tags":[215,214,213,212],"class_list":{"0":"post-1277","1":"post","2":"type-post","3":"status-publish","4":"format-standard","5":"has-post-thumbnail","7":"category-politica","8":"tag-frontnational","9":"tag-jeanmarielepen","10":"tag-profanazione","11":"tag-tomba"},"aioseo_notices":[],"_links":{"self":[{"href":"https:\/\/ilsovranista.com\/index.php?rest_route=\/wp\/v2\/posts\/1277","targetHints":{"allow":["GET"]}}],"collection":[{"href":"https:\/\/ilsovranista.com\/index.php?rest_route=\/wp\/v2\/posts"}],"about":[{"href":"https:\/\/ilsovranista.com\/index.php?rest_route=\/wp\/v2\/types\/post"}],"author":[{"embeddable":true,"href":"https:\/\/ilsovranista.com\/index.php?rest_route=\/wp\/v2\/users\/3"}],"replies":[{"embeddable":true,"href":"https:\/\/ilsovranista.com\/index.php?rest_route=%2Fwp%2Fv2%2Fcomments&post=1277"}],"version-history":[{"count":1,"href":"https:\/\/ilsovranista.com\/index.php?rest_route=\/wp\/v2\/posts\/1277\/revisions"}],"predecessor-version":[{"id":1279,"href":"https:\/\/ilsovranista.com\/index.php?rest_route=\/wp\/v2\/posts\/1277\/revisions\/1279"}],"wp:featuredmedia":[{"embeddable":true,"href":"https:\/\/ilsovranista.com\/index.php?rest_route=\/wp\/v2\/media\/1278"}],"wp:attachment":[{"href":"https:\/\/ilsovranista.com\/index.php?rest_route=%2Fwp%2Fv2%2Fmedia&parent=1277"}],"wp:term":[{"taxonomy":"category","embeddable":true,"href":"https:\/\/ilsovranista.com\/index.php?rest_route=%2Fwp%2Fv2%2Fcategories&post=1277"},{"taxonomy":"post_tag","embeddable":true,"href":"https:\/\/ilsovranista.com\/index.php?rest_route=%2Fwp%2Fv2%2Ftags&post=1277"}],"curies":[{"name":"wp","href":"https:\/\/api.w.org\/{rel}","templated":true}]}}