{"id":1273,"date":"2025-01-31T10:53:05","date_gmt":"2025-01-31T09:53:05","guid":{"rendered":"https:\/\/ilsovranista.com\/?p=1273"},"modified":"2025-01-31T11:01:46","modified_gmt":"2025-01-31T10:01:46","slug":"taglialatelaindipendenza-10-anni-di-bugie-sulla-terra-dei-fuochi-la-sentenza-della-corte-ue-smentisce-de-luca","status":"publish","type":"post","link":"https:\/\/ilsovranista.com\/?p=1273","title":{"rendered":"Taglialatela(Indipendenza): 10 anni di bugie sulla Terra dei Fuochi La sentenza della Corte Ue smentisce De Luca."},"content":{"rendered":"<p>&nbsp;<\/p>\n<p>&#8220;La Corte Europea dei Diritti dell\u2019Uomo ha condannato l\u2019Italia per la gestione fallimentare della Terra dei Fuochi, certificando ci\u00f2 che i cittadini denunciano da anni: le istituzioni sapevano tutto, ma non hanno fatto nulla di concreto per fermare il disastro ambientale.&#8221;<\/p>\n<p>Lo.afferma in una nota, diffusa alla stampa,\u00a0<strong>Marcrllo Taglialatela,\u00a0<\/strong>storico espinente della destra sociale partenopea, vice segretario nazionale di Indipendenza precisando:&#8221;eppure, da dieci anni, il governatore Vincenzo De Luca ha ripetuto la stessa narrazione, rassicurando che il problema era sotto controllo. Ma la realt\u00e0 \u00e8 sotto gli occhi di tutti: i roghi tossici continuano, i rifiuti industriali vengono ancora smaltiti illegalmente, e le bonifiche sono rimaste solo sulla carta. tag: Terra dei Fuochi, De Luca, rifiuti tossici, Corte Europea, diritto alla vita, bonifiche mancate, roghi tossici, inquinamento Campania, disastro ambientale, promesse mancate, emergenza rifiuti, traffico illecito rifiuti, salute pubblica&#8221;<\/p>\n<p>Nel corso degli anni, ricorda Taglialatela,\u00a0 De Luca ha fatto annunci su annunci, ma i fatti lo smentiscono:<br \/>\n\u2022 \u201cAbbiamo avviato la bonifica della Terra dei Fuochi\u201d. I siti contaminati sono ancora l\u00ec, con dati epidemiologici allarmanti.<br \/>\n\u2022 \u201cEntro due anni fermeremo i roghi tossici\u201d. Gli incendi illegali proseguono, con impennate nei mesi estivi.<br \/>\n\u2022 \u201cLa Campania \u00e8 tra le regioni pi\u00f9 avanzate nella gestione ambientale\u201d. La Corte Europea ha appena detto il contrario.<br \/>\n\u2022 \u201cIl problema \u00e8 risolto\u201d. I residenti continuano a denunciare discariche abusive e contaminazione del suolo.<\/p>\n<p>La realt\u00e0 \u00e8 che la Regione Campania non ha mai avuto un piano serio per fermare il traffico illecito di rifiuti e bonificare le aree contaminate&#8221;<\/p>\n<p>Il problema della Terra dei Fuochi,conclude Taglialatela, non \u00e8 mai stato realmente affrontato. Le bonifiche sono rimaste un\u2019illusione, mentre il traffico illecito di rifiuti continua a prosperare. L\u2019assenza di un piano serio di contrasto ha favorito il disastro, aggravato da controlli inesistenti e dalle connivenze con il malaffare.Nel frattempo, la Regione Campania continua a minimizzare, mentre la popolazione paga il prezzo pi\u00f9 alto in termini di salute e qualit\u00e0 della vita. Ora che la Corte Europea ha smascherato il fallimento, non si pu\u00f2 pi\u00f9 far finta di nulla. Ma la vera domanda \u00e8: questa sentenza porter\u00e0 finalmente a delle azioni concrete, o rester\u00e0 solo un\u2019altra carta ignorata?&#8221;<\/p>\n","protected":false},"excerpt":{"rendered":"<p>&nbsp; &#8220;La Corte Europea dei Diritti dell\u2019Uomo ha condannato l\u2019Italia per la gestione fallimentare della Terra dei Fuochi, certificando ci\u00f2 che i cittadini denunciano da anni: le istituzioni sapevano tutto, ma non hanno fatto nulla di concreto per fermare il disastro ambientale.&#8221; Lo.afferma in una nota, diffusa alla stampa,\u00a0Marcrllo Taglialatela,\u00a0storico espinente della destra sociale partenopea, [&hellip;]<\/p>\n","protected":false},"author":3,"featured_media":1274,"comment_status":"open","ping_status":"closed","sticky":false,"template":"","format":"standard","meta":{"om_disable_all_campaigns":false,"_monsterinsights_skip_tracking":false,"_monsterinsights_sitenote_active":false,"_monsterinsights_sitenote_note":"","_monsterinsights_sitenote_category":0,"_uf_show_specific_survey":0,"_uf_disable_surveys":false,"footnotes":""},"categories":[36],"tags":[210,172,209,211,208,155],"class_list":{"0":"post-1273","1":"post","2":"type-post","3":"status-publish","4":"format-standard","5":"has-post-thumbnail","7":"category-prima-i-territori","8":"tag-corteue","9":"tag-indipendenza","10":"tag-sentenza","11":"tag-taglialatela","12":"tag-terradeifuochi","13":"tag-vincenzodeluca"},"aioseo_notices":[],"_links":{"self":[{"href":"https:\/\/ilsovranista.com\/index.php?rest_route=\/wp\/v2\/posts\/1273","targetHints":{"allow":["GET"]}}],"collection":[{"href":"https:\/\/ilsovranista.com\/index.php?rest_route=\/wp\/v2\/posts"}],"about":[{"href":"https:\/\/ilsovranista.com\/index.php?rest_route=\/wp\/v2\/types\/post"}],"author":[{"embeddable":true,"href":"https:\/\/ilsovranista.com\/index.php?rest_route=\/wp\/v2\/users\/3"}],"replies":[{"embeddable":true,"href":"https:\/\/ilsovranista.com\/index.php?rest_route=%2Fwp%2Fv2%2Fcomments&post=1273"}],"version-history":[{"count":2,"href":"https:\/\/ilsovranista.com\/index.php?rest_route=\/wp\/v2\/posts\/1273\/revisions"}],"predecessor-version":[{"id":1276,"href":"https:\/\/ilsovranista.com\/index.php?rest_route=\/wp\/v2\/posts\/1273\/revisions\/1276"}],"wp:featuredmedia":[{"embeddable":true,"href":"https:\/\/ilsovranista.com\/index.php?rest_route=\/wp\/v2\/media\/1274"}],"wp:attachment":[{"href":"https:\/\/ilsovranista.com\/index.php?rest_route=%2Fwp%2Fv2%2Fmedia&parent=1273"}],"wp:term":[{"taxonomy":"category","embeddable":true,"href":"https:\/\/ilsovranista.com\/index.php?rest_route=%2Fwp%2Fv2%2Fcategories&post=1273"},{"taxonomy":"post_tag","embeddable":true,"href":"https:\/\/ilsovranista.com\/index.php?rest_route=%2Fwp%2Fv2%2Ftags&post=1273"}],"curies":[{"name":"wp","href":"https:\/\/api.w.org\/{rel}","templated":true}]}}