{"id":1251,"date":"2025-01-30T18:58:37","date_gmt":"2025-01-30T17:58:37","guid":{"rendered":"https:\/\/ilsovranista.com\/?p=1251"},"modified":"2025-01-30T18:58:37","modified_gmt":"2025-01-30T17:58:37","slug":"caso-almasri-appendino-m5s-meloni-sotto-ricatto-di-un-criminale","status":"publish","type":"post","link":"https:\/\/ilsovranista.com\/?p=1251","title":{"rendered":"Caso Almasri, Appendino (M5S): Meloni sotto ricatto di un criminale"},"content":{"rendered":"<p>&#8221; <strong>Giorgia Melon<\/strong>i fa la vittima e grida al complotto perch\u00e9 il governo \u00e8 con le spalle al muro sul <strong>caso Almasri<\/strong>. Si sono contraddetti pi\u00f9 volte e hanno mentito spudoratamente per tentare di non dire agli italiani la verit\u00e0: abbiamo una Presidente del Consiglio sotto ricatto di un criminale, un torturatore, omicida e stupratore di bambini. Ora abbiamo finalmente capito che la loro soluzione sui migranti non era bloccare le navi in mare o l\u2019inutile e costoso centro in Albania ma scendere a patti con un ricercato per crimini contro l\u2019umanit\u00e0. Avessero almeno il coraggio di dirlo.&#8221;<br \/>\nLo scrive <strong>Chiara Appendino,<\/strong> deputato del <strong>Movimento Cinque Stelle<\/strong><\/p>\n","protected":false},"excerpt":{"rendered":"<p>&#8221; Giorgia Meloni fa la vittima e grida al complotto perch\u00e9 il governo \u00e8 con le spalle al muro sul caso Almasri. Si sono contraddetti pi\u00f9 volte e hanno mentito spudoratamente per tentare di non dire agli italiani la verit\u00e0: abbiamo una Presidente del Consiglio sotto ricatto di un criminale, un torturatore, omicida e stupratore [&hellip;]<\/p>\n","protected":false},"author":3,"featured_media":1252,"comment_status":"open","ping_status":"closed","sticky":false,"template":"","format":"standard","meta":{"om_disable_all_campaigns":false,"_monsterinsights_skip_tracking":false,"_monsterinsights_sitenote_active":false,"_monsterinsights_sitenote_note":"","_monsterinsights_sitenote_category":0,"_uf_show_specific_survey":0,"_uf_disable_surveys":false,"footnotes":""},"categories":[33],"tags":[149,134,70],"class_list":{"0":"post-1251","1":"post","2":"type-post","3":"status-publish","4":"format-standard","5":"has-post-thumbnail","7":"category-politica","8":"tag-casoalmasri","9":"tag-chiarappendino","10":"tag-movimentocinquestelle"},"aioseo_notices":[],"_links":{"self":[{"href":"https:\/\/ilsovranista.com\/index.php?rest_route=\/wp\/v2\/posts\/1251","targetHints":{"allow":["GET"]}}],"collection":[{"href":"https:\/\/ilsovranista.com\/index.php?rest_route=\/wp\/v2\/posts"}],"about":[{"href":"https:\/\/ilsovranista.com\/index.php?rest_route=\/wp\/v2\/types\/post"}],"author":[{"embeddable":true,"href":"https:\/\/ilsovranista.com\/index.php?rest_route=\/wp\/v2\/users\/3"}],"replies":[{"embeddable":true,"href":"https:\/\/ilsovranista.com\/index.php?rest_route=%2Fwp%2Fv2%2Fcomments&post=1251"}],"version-history":[{"count":1,"href":"https:\/\/ilsovranista.com\/index.php?rest_route=\/wp\/v2\/posts\/1251\/revisions"}],"predecessor-version":[{"id":1253,"href":"https:\/\/ilsovranista.com\/index.php?rest_route=\/wp\/v2\/posts\/1251\/revisions\/1253"}],"wp:featuredmedia":[{"embeddable":true,"href":"https:\/\/ilsovranista.com\/index.php?rest_route=\/wp\/v2\/media\/1252"}],"wp:attachment":[{"href":"https:\/\/ilsovranista.com\/index.php?rest_route=%2Fwp%2Fv2%2Fmedia&parent=1251"}],"wp:term":[{"taxonomy":"category","embeddable":true,"href":"https:\/\/ilsovranista.com\/index.php?rest_route=%2Fwp%2Fv2%2Fcategories&post=1251"},{"taxonomy":"post_tag","embeddable":true,"href":"https:\/\/ilsovranista.com\/index.php?rest_route=%2Fwp%2Fv2%2Ftags&post=1251"}],"curies":[{"name":"wp","href":"https:\/\/api.w.org\/{rel}","templated":true}]}}