{"id":1245,"date":"2025-01-30T18:49:49","date_gmt":"2025-01-30T17:49:49","guid":{"rendered":"https:\/\/ilsovranista.com\/?p=1245"},"modified":"2025-01-30T18:52:45","modified_gmt":"2025-01-30T17:52:45","slug":"bonelli-avs-meloni-attacca-i-giudici-per-coprire-la-nefandezza-compiuta-sulla-liberazione-di-almasri","status":"publish","type":"post","link":"https:\/\/ilsovranista.com\/?p=1245","title":{"rendered":"Bonelli (AVS): \u201cMeloni attacca i giudici per coprire la nefandezza compiuta sulla liberazione di Almasri\u201d"},"content":{"rendered":"<p>&#8220;Le parole della presidente <strong>Melon<\/strong>i sul <strong>caso Almasr<\/strong>i sono inaccettabili. Invece di assumersi la responsabilit\u00e0 politica di aver liberato un criminale accusato di torture, stupri e omicidi, prova a scaricare la colpa sulla magistratura, accusando il procuratore Lo Voi di un presunto \u201catto<br \/>\nvoluto\u201d. \u00c8 un attacco gravissimo all\u2019indipendenza della giustizia e un goffo tentativo di insabbiare le colpe del governo.<br \/>\nLa realt\u00e0 \u00e8 ben diversa: Meloni e Nordio mentono agli italiani. Il procuratore ha agito secondo quanto previsto dall\u2019art. 6, comma 2, della legge costituzionale n. 1 del 1989, che impone di trasmettere gli atti entro quindici giorni senza possibilit\u00e0 di discrezionalit\u00e0. L\u2019atto era<br \/>\ndovuto, non voluto. \u00c8 un fatto giuridico, non un\u2019opinione. Questo governo mente pur di coprire le proprie responsabilit\u00e0.<br \/>\nMeloni attacca i giudici per coprire la nefandezza compiuta: la liberazione di un criminale ricercato dalla Corte Penale Internazionale. Nel mandato di arresto emesso dalla CPI si descrive un quadro agghiacciante: detenuti torturati, stupri sistematici su donne e bambini, omicidi di massa nel<br \/>\ncarcere di Mittiga a Tripoli. Almasri non solo ha ordinato questi crimini, ma vi ha preso parte personalmente.\u201d<br \/>\nLo ha dichiarato <strong>Angelo Bonelli<\/strong> co-portavoce di <strong>Europa<\/strong> <strong>Verde<\/strong> e parlamentare di Alleanza Verdi e Sinistra precisando: &#8220;eppure, questo governo lo ha fatto scarcerare, e ora cerca di scaricare le responsabilit\u00e0 sulla magistratura. \u00c8 sua la responsabilit\u00e0 politica di questa vergognosa gestione, e ora tenta di distogliere l\u2019attenzione con il<br \/>\nsolito attacco alle procure, nella logica di un governo che vede la magistratura come un nemico da delegittimare. \u00c8 evidente che Meloni sta trasformando il nostro Paese in un terreno di scontro contro l\u2019indipendenza della giustizia, con un\u2019escalation pericolosa che mina lo Stato di diritto.<br \/>\nQuesto non \u00e8 il primo episodio e non sar\u00e0 l\u2019ultimo: da mesi la destra lavora per indebolire il potere giudiziario, abolendo l\u2019abuso d\u2019ufficio, limitando le intercettazioni, attaccando i magistrati e ora scaricando le proprie colpe su chi ha il dovere di applicare la legge. Meloni venga in Parlamento a rispondere su questo scandalo. L\u2019Italia non pu\u00f2 tollerare che un governo, incapace di garantire giustizia, liberi i<br \/>\ncriminali e poi provi a insabbiare la verit\u00e0 con accuse infamanti ai magistrati<\/p>\n","protected":false},"excerpt":{"rendered":"<p>&#8220;Le parole della presidente Meloni sul caso Almasri sono inaccettabili. Invece di assumersi la responsabilit\u00e0 politica di aver liberato un criminale accusato di torture, stupri e omicidi, prova a scaricare la colpa sulla magistratura, accusando il procuratore Lo Voi di un presunto \u201catto voluto\u201d. \u00c8 un attacco gravissimo all\u2019indipendenza della giustizia e un goffo tentativo [&hellip;]<\/p>\n","protected":false},"author":3,"featured_media":1246,"comment_status":"open","ping_status":"closed","sticky":false,"template":"","format":"standard","meta":{"om_disable_all_campaigns":false,"_monsterinsights_skip_tracking":false,"_monsterinsights_sitenote_active":false,"_monsterinsights_sitenote_note":"","_monsterinsights_sitenote_category":0,"_uf_show_specific_survey":0,"_uf_disable_surveys":false,"footnotes":""},"categories":[33],"tags":[196,194,149,195],"class_list":{"0":"post-1245","1":"post","2":"type-post","3":"status-publish","4":"format-standard","5":"has-post-thumbnail","7":"category-politica","8":"tag-alleanzaverdiesinistra","9":"tag-angelobonelli","10":"tag-casoalmasri","11":"tag-europaverde"},"aioseo_notices":[],"_links":{"self":[{"href":"https:\/\/ilsovranista.com\/index.php?rest_route=\/wp\/v2\/posts\/1245","targetHints":{"allow":["GET"]}}],"collection":[{"href":"https:\/\/ilsovranista.com\/index.php?rest_route=\/wp\/v2\/posts"}],"about":[{"href":"https:\/\/ilsovranista.com\/index.php?rest_route=\/wp\/v2\/types\/post"}],"author":[{"embeddable":true,"href":"https:\/\/ilsovranista.com\/index.php?rest_route=\/wp\/v2\/users\/3"}],"replies":[{"embeddable":true,"href":"https:\/\/ilsovranista.com\/index.php?rest_route=%2Fwp%2Fv2%2Fcomments&post=1245"}],"version-history":[{"count":2,"href":"https:\/\/ilsovranista.com\/index.php?rest_route=\/wp\/v2\/posts\/1245\/revisions"}],"predecessor-version":[{"id":1250,"href":"https:\/\/ilsovranista.com\/index.php?rest_route=\/wp\/v2\/posts\/1245\/revisions\/1250"}],"wp:featuredmedia":[{"embeddable":true,"href":"https:\/\/ilsovranista.com\/index.php?rest_route=\/wp\/v2\/media\/1246"}],"wp:attachment":[{"href":"https:\/\/ilsovranista.com\/index.php?rest_route=%2Fwp%2Fv2%2Fmedia&parent=1245"}],"wp:term":[{"taxonomy":"category","embeddable":true,"href":"https:\/\/ilsovranista.com\/index.php?rest_route=%2Fwp%2Fv2%2Fcategories&post=1245"},{"taxonomy":"post_tag","embeddable":true,"href":"https:\/\/ilsovranista.com\/index.php?rest_route=%2Fwp%2Fv2%2Ftags&post=1245"}],"curies":[{"name":"wp","href":"https:\/\/api.w.org\/{rel}","templated":true}]}}