{"id":1223,"date":"2025-01-30T17:44:05","date_gmt":"2025-01-30T16:44:05","guid":{"rendered":"https:\/\/ilsovranista.com\/?p=1223"},"modified":"2025-01-30T17:44:05","modified_gmt":"2025-01-30T16:44:05","slug":"fitti-case-popolari-alle-stelle-nappi-lega-regione-campania-e-acer-vogliono-fare-cassa-sulla-pelle-dei-piu-deboli","status":"publish","type":"post","link":"https:\/\/ilsovranista.com\/?p=1223","title":{"rendered":"Fitti case popolari alle stelle, Nappi (Lega): Regione Campania e Acer vogliono fare cassa sulla  pelle dei pi\u00f9 deboli?"},"content":{"rendered":"<p>&#8220;Dal primo gennaio, in base a una discutibile e inquietante delibera della Giunta De Luca, l\u2019Acer ha moltiplicato all\u2019improvviso il canone di fitto per gli inquilini delle case popolari di propriet\u00e0 della Regione, utilizzando un parametro contrario a ogni logica e morale. Il risultato \u00e8 che, dalla fine di questo mese, pensionati, dipendenti a basso reddito, disoccupati e persone con disabilit\u00e0 (questa \u00e8 nella stragrande maggioranza dei casi, la platea degli assegnatari degli alloggi di edilizia popolare) avranno enorme difficolt\u00e0 a pagare il canone, in alcuni casi aumentato anche del 400%. Il tutto per continuare a vivere nel degrado di palazzoni che spesso cadono a pezzi, con ascensori guasti, servizi comuni inesistenti, infiltrazioni d\u2019acqua e a volte, addirittura, amianto a vista. \u00c8 questa l\u2019idea di politica abitativa delle sinistre di questa regione? Fare cassa sulla pelle delle fasce deboli per poi magari sperperare gli introiti in misure clientelari? Per questo motivo ho presentato apposita interrogazione consiliare per sapere se il presidente della Giunta regionale intenda intervenire: con l\u2019immediata sospensione, da parte dell\u2019Acer, delle richieste di pagamento dei canoni maggiorati; con la revoca della delibera di Giunta che ha innescato detti spropositati aumenti; con la richiesta formale all\u2019Acer di provvedere all\u2019immediata ricognizione del suo intero patrimonio immobiliare perch\u00e9 si effettuino le opere di manutenzione ordinaria e straordinaria necessarie\u201d.<\/p>\n<p>Lo afferma <strong>Severino Nappi,<\/strong> capogruppo della Lega nel Consiglio regionale della Campania.<\/p>\n","protected":false},"excerpt":{"rendered":"<p>&#8220;Dal primo gennaio, in base a una discutibile e inquietante delibera della Giunta De Luca, l\u2019Acer ha moltiplicato all\u2019improvviso il canone di fitto per gli inquilini delle case popolari di propriet\u00e0 della Regione, utilizzando un parametro contrario a ogni logica e morale. Il risultato \u00e8 che, dalla fine di questo mese, pensionati, dipendenti a basso [&hellip;]<\/p>\n","protected":false},"author":3,"featured_media":1224,"comment_status":"open","ping_status":"closed","sticky":false,"template":"","format":"standard","meta":{"om_disable_all_campaigns":false,"_monsterinsights_skip_tracking":false,"_monsterinsights_sitenote_active":false,"_monsterinsights_sitenote_note":"","_monsterinsights_sitenote_category":0,"_uf_show_specific_survey":0,"_uf_disable_surveys":false,"footnotes":""},"categories":[33],"tags":[185,183,44,184,154,43],"class_list":{"0":"post-1223","1":"post","2":"type-post","3":"status-publish","4":"format-standard","5":"has-post-thumbnail","7":"category-politica","8":"tag-acer","9":"tag-casepopolari","10":"tag-lega","11":"tag-prezziallestelle","12":"tag-regionecampania","13":"tag-severinonappi"},"aioseo_notices":[],"_links":{"self":[{"href":"https:\/\/ilsovranista.com\/index.php?rest_route=\/wp\/v2\/posts\/1223","targetHints":{"allow":["GET"]}}],"collection":[{"href":"https:\/\/ilsovranista.com\/index.php?rest_route=\/wp\/v2\/posts"}],"about":[{"href":"https:\/\/ilsovranista.com\/index.php?rest_route=\/wp\/v2\/types\/post"}],"author":[{"embeddable":true,"href":"https:\/\/ilsovranista.com\/index.php?rest_route=\/wp\/v2\/users\/3"}],"replies":[{"embeddable":true,"href":"https:\/\/ilsovranista.com\/index.php?rest_route=%2Fwp%2Fv2%2Fcomments&post=1223"}],"version-history":[{"count":1,"href":"https:\/\/ilsovranista.com\/index.php?rest_route=\/wp\/v2\/posts\/1223\/revisions"}],"predecessor-version":[{"id":1225,"href":"https:\/\/ilsovranista.com\/index.php?rest_route=\/wp\/v2\/posts\/1223\/revisions\/1225"}],"wp:featuredmedia":[{"embeddable":true,"href":"https:\/\/ilsovranista.com\/index.php?rest_route=\/wp\/v2\/media\/1224"}],"wp:attachment":[{"href":"https:\/\/ilsovranista.com\/index.php?rest_route=%2Fwp%2Fv2%2Fmedia&parent=1223"}],"wp:term":[{"taxonomy":"category","embeddable":true,"href":"https:\/\/ilsovranista.com\/index.php?rest_route=%2Fwp%2Fv2%2Fcategories&post=1223"},{"taxonomy":"post_tag","embeddable":true,"href":"https:\/\/ilsovranista.com\/index.php?rest_route=%2Fwp%2Fv2%2Ftags&post=1223"}],"curies":[{"name":"wp","href":"https:\/\/api.w.org\/{rel}","templated":true}]}}