{"id":1207,"date":"2025-01-29T21:19:58","date_gmt":"2025-01-29T20:19:58","guid":{"rendered":"https:\/\/ilsovranista.com\/?p=1207"},"modified":"2025-01-29T21:19:58","modified_gmt":"2025-01-29T20:19:58","slug":"caso-almasri-barcaiuolo-fdi-attacco-politico-mascherato-da-iniziativa-giudiziaria","status":"publish","type":"post","link":"https:\/\/ilsovranista.com\/?p=1207","title":{"rendered":"Caso Almasri, Barcaiuolo (Fdi): attacco politico mascherato da iniziativa giudiziaria"},"content":{"rendered":"<p>&#8221; Esprimo piena solidariet\u00e0 alla presidente <strong>Giorgia Meloni<\/strong>, al sottosegretario <strong>Alfredo Mantovano<\/strong> e ai ministri <strong>Carlo<\/strong> <strong>Nordio<\/strong> e <strong>Matteo Piantedosi<\/strong>, vittime di un attacco politico mascherato da iniziativa giudiziaria. Questo governo \u00e8 determinato ad andare avanti con la riforma della giustizia che gli italiani ci hanno chiesto, senza lasciarsi intimidire da chi utilizza la propria posizione per fare politica anzich\u00e9 applicare il diritto, come previsto dalla Costituzione.&#8221;<\/p>\n<p>A dichiararlo \u00e8 <strong>Michele Barcaiuolo<\/strong>, capogruppo di Fratelli d\u2019Italia in Commissione Esteri e Difesa al Senato della Repubblica.<\/p>\n<p>\u00abLa notizia dell\u2019avviso di garanzia inviato alla presidente Meloni e ai ministri \u2013 prosegue Barcaiuolo \u2013 rappresenta l\u2019ennesimo tentativo di colpire chi, con coraggio e determinazione, guida il nostro Paese nell\u2019interesse della sicurezza nazionale e della legalit\u00e0. Le accuse mosse contro la premier, legate alla vicenda del generale libico Almasri, sollevano molte perplessit\u00e0. Si parla di favoreggiamento e peculato in relazione a un rimpatrio che si \u00e8 reso necessario per garantire l\u2019ordine pubblico e la sicurezza del nostro territorio. \u00c8 evidente come ci troviamo di fronte a un\u2019azione giudiziaria che sembra avere pi\u00f9 risvolti politici che sostanziali, con l\u2019obiettivo di screditare il Governo pi\u00f9 che di accertare la verit\u00e0 dei fatti\u00bb. \u00abVale la pena ricordare \u2013 aggiunge il senatore \u2013 che il mandato d\u2019arresto della Corte Penale Internazionale \u00e8 stato emesso in maniera curiosamente tardiva, proprio mentre Almasri stava per entrare in Italia, dopo aver soggiornato serenamente per ben dodici giorni in altri Paesi europei. Questo dettaglio, insieme al fatto che il procedimento nasca da un esposto presentato da un ex politico di sinistra noto per aver difeso figure come Buscetta e Brusca, lascia spazio a legittime perplessit\u00e0\u00bb. \u00abRibadisco la mia totale solidariet\u00e0 nella presidente Meloni e nei ministri coinvolti. Sono certo che la verit\u00e0 emerger\u00e0, dimostrando la piena correttezza del loro operato. Questo ennesimo attacco non far\u00e0 altro che rafforzare il nostro impegno nel lavorare per il bene degli italiani, senza mai cedere alle strumentalizzazioni di alcuni magistrati politicizzati che interferiscono con poteri che non gli competono dimostrando di non rispettare quella stessa Costituzione che sventolano pubblicamente\u00bb, conclude Barcaiuolo.<\/p>\n","protected":false},"excerpt":{"rendered":"<p>&#8221; Esprimo piena solidariet\u00e0 alla presidente Giorgia Meloni, al sottosegretario Alfredo Mantovano e ai ministri Carlo Nordio e Matteo Piantedosi, vittime di un attacco politico mascherato da iniziativa giudiziaria. Questo governo \u00e8 determinato ad andare avanti con la riforma della giustizia che gli italiani ci hanno chiesto, senza lasciarsi intimidire da chi utilizza la propria [&hellip;]<\/p>\n","protected":false},"author":3,"featured_media":1208,"comment_status":"open","ping_status":"closed","sticky":false,"template":"","format":"standard","meta":{"om_disable_all_campaigns":false,"_monsterinsights_skip_tracking":false,"_monsterinsights_sitenote_active":false,"_monsterinsights_sitenote_note":"","_monsterinsights_sitenote_category":0,"_uf_show_specific_survey":0,"_uf_disable_surveys":false,"footnotes":""},"categories":[33],"tags":[176,167,47],"class_list":{"0":"post-1207","1":"post","2":"type-post","3":"status-publish","4":"format-standard","5":"has-post-thumbnail","7":"category-politica","8":"tag-barcaiuolo","9":"tag-casoalmsri","10":"tag-fratelliditalia"},"aioseo_notices":[],"_links":{"self":[{"href":"https:\/\/ilsovranista.com\/index.php?rest_route=\/wp\/v2\/posts\/1207","targetHints":{"allow":["GET"]}}],"collection":[{"href":"https:\/\/ilsovranista.com\/index.php?rest_route=\/wp\/v2\/posts"}],"about":[{"href":"https:\/\/ilsovranista.com\/index.php?rest_route=\/wp\/v2\/types\/post"}],"author":[{"embeddable":true,"href":"https:\/\/ilsovranista.com\/index.php?rest_route=\/wp\/v2\/users\/3"}],"replies":[{"embeddable":true,"href":"https:\/\/ilsovranista.com\/index.php?rest_route=%2Fwp%2Fv2%2Fcomments&post=1207"}],"version-history":[{"count":1,"href":"https:\/\/ilsovranista.com\/index.php?rest_route=\/wp\/v2\/posts\/1207\/revisions"}],"predecessor-version":[{"id":1209,"href":"https:\/\/ilsovranista.com\/index.php?rest_route=\/wp\/v2\/posts\/1207\/revisions\/1209"}],"wp:featuredmedia":[{"embeddable":true,"href":"https:\/\/ilsovranista.com\/index.php?rest_route=\/wp\/v2\/media\/1208"}],"wp:attachment":[{"href":"https:\/\/ilsovranista.com\/index.php?rest_route=%2Fwp%2Fv2%2Fmedia&parent=1207"}],"wp:term":[{"taxonomy":"category","embeddable":true,"href":"https:\/\/ilsovranista.com\/index.php?rest_route=%2Fwp%2Fv2%2Fcategories&post=1207"},{"taxonomy":"post_tag","embeddable":true,"href":"https:\/\/ilsovranista.com\/index.php?rest_route=%2Fwp%2Fv2%2Ftags&post=1207"}],"curies":[{"name":"wp","href":"https:\/\/api.w.org\/{rel}","templated":true}]}}