{"id":1204,"date":"2025-01-29T21:16:27","date_gmt":"2025-01-29T20:16:27","guid":{"rendered":"https:\/\/ilsovranista.com\/?p=1204"},"modified":"2025-01-29T21:16:27","modified_gmt":"2025-01-29T20:16:27","slug":"caso-almasri-ciaburro-fdi-allucinante-luso-politico-della-giustizia","status":"publish","type":"post","link":"https:\/\/ilsovranista.com\/?p=1204","title":{"rendered":"Caso Almasri, Ciaburro (Fdi): allucinante l&#8217;uso politico della giustizia"},"content":{"rendered":"<p>&#8220;L\u2019iscrizione al registro degli indagati del Presidente<strong> Meloni<\/strong>, del Sottosegretario <strong>Mantovano<\/strong> e dei Ministri Piantedosi e <strong>Nordio<\/strong> \u00e8 chiaramente indice di una confusione e una disfunzionalit\u00e0 di certa parte della magistratura che fa male al Paese ed alla fiducia dei cittadini nelle istituzioni. Che gli avvisi di garanzia provengano dallo stesso procuratore che accus\u00f2 il Ministro Salvini di sequestro di persona, in un processo fallimentare sono la cartina al tornasole di un utilizzo politico della giustizia come strumento di opposizione ad un Governo che opera in piena legittimit\u00e0, trasparenza e nell\u2019interesse dei cittadini. Dopo aver perso una battaglia insensata e fallimentare contro il Ministro Salvini adesso ci riprovano contro il Presidente del Consiglio e la compagine ministeriale. La riforma della giustizia \u00e8 sempre pi\u00f9 necessaria per impedirne un utilizzo indegno e strumentale. Massima solidariet\u00e0 e vicinanza al Presidente Meloni, al Sottosegretario Mantovano ed ai Ministri Piantedosi e Nordio.&#8221;.<\/p>\n<p>Lo ha affermato\u00a0<strong>Monica Ciaburro,\u00a0<\/strong>deputato di\u00a0<strong>Fratelli d&#8217;Italia\u00a0<\/strong><\/p>\n<div id=\"lavoc-2033573603\" class=\"lavoc-contenuto lavoc-target\" data-lavoc-trackid=\"259144\" data-lavoc-trackbid=\"1\"><\/div>\n<p>&nbsp;<\/p>\n","protected":false},"excerpt":{"rendered":"<p>&#8220;L\u2019iscrizione al registro degli indagati del Presidente Meloni, del Sottosegretario Mantovano e dei Ministri Piantedosi e Nordio \u00e8 chiaramente indice di una confusione e una disfunzionalit\u00e0 di certa parte della magistratura che fa male al Paese ed alla fiducia dei cittadini nelle istituzioni. Che gli avvisi di garanzia provengano dallo stesso procuratore che accus\u00f2 il [&hellip;]<\/p>\n","protected":false},"author":3,"featured_media":1205,"comment_status":"open","ping_status":"closed","sticky":false,"template":"","format":"standard","meta":{"om_disable_all_campaigns":false,"_monsterinsights_skip_tracking":false,"_monsterinsights_sitenote_active":false,"_monsterinsights_sitenote_note":"","_monsterinsights_sitenote_category":0,"_uf_show_specific_survey":0,"_uf_disable_surveys":false,"footnotes":""},"categories":[33],"tags":[99,167,47,74,151,175],"class_list":{"0":"post-1204","1":"post","2":"type-post","3":"status-publish","4":"format-standard","5":"has-post-thumbnail","7":"category-politica","8":"tag-carlonordio","9":"tag-casoalmsri","10":"tag-fratelliditalia","11":"tag-giorgiameloni","12":"tag-matteopiantedosi","13":"tag-monicaciaburro"},"aioseo_notices":[],"_links":{"self":[{"href":"https:\/\/ilsovranista.com\/index.php?rest_route=\/wp\/v2\/posts\/1204","targetHints":{"allow":["GET"]}}],"collection":[{"href":"https:\/\/ilsovranista.com\/index.php?rest_route=\/wp\/v2\/posts"}],"about":[{"href":"https:\/\/ilsovranista.com\/index.php?rest_route=\/wp\/v2\/types\/post"}],"author":[{"embeddable":true,"href":"https:\/\/ilsovranista.com\/index.php?rest_route=\/wp\/v2\/users\/3"}],"replies":[{"embeddable":true,"href":"https:\/\/ilsovranista.com\/index.php?rest_route=%2Fwp%2Fv2%2Fcomments&post=1204"}],"version-history":[{"count":1,"href":"https:\/\/ilsovranista.com\/index.php?rest_route=\/wp\/v2\/posts\/1204\/revisions"}],"predecessor-version":[{"id":1206,"href":"https:\/\/ilsovranista.com\/index.php?rest_route=\/wp\/v2\/posts\/1204\/revisions\/1206"}],"wp:featuredmedia":[{"embeddable":true,"href":"https:\/\/ilsovranista.com\/index.php?rest_route=\/wp\/v2\/media\/1205"}],"wp:attachment":[{"href":"https:\/\/ilsovranista.com\/index.php?rest_route=%2Fwp%2Fv2%2Fmedia&parent=1204"}],"wp:term":[{"taxonomy":"category","embeddable":true,"href":"https:\/\/ilsovranista.com\/index.php?rest_route=%2Fwp%2Fv2%2Fcategories&post=1204"},{"taxonomy":"post_tag","embeddable":true,"href":"https:\/\/ilsovranista.com\/index.php?rest_route=%2Fwp%2Fv2%2Ftags&post=1204"}],"curies":[{"name":"wp","href":"https:\/\/api.w.org\/{rel}","templated":true}]}}