{"id":1197,"date":"2025-01-29T05:30:49","date_gmt":"2025-01-29T04:30:49","guid":{"rendered":"https:\/\/ilsovranista.com\/?p=1197"},"modified":"2025-01-29T05:30:49","modified_gmt":"2025-01-29T04:30:49","slug":"avviso-di-garanzia-per-la-meloni-bignami-risposta-alla-riforma-della-giustizia","status":"publish","type":"post","link":"https:\/\/ilsovranista.com\/?p=1197","title":{"rendered":"Avviso di garanzia per la Meloni, Bignami: risposta alla riforma della giustizia"},"content":{"rendered":"<p><strong>&#8220;Giorgia Melon<\/strong>i non \u00e8 ricattabile perch\u00e9 evidente a tutti gli italiani che questo avviso di garanzia \u00e8 una risposta di una certa magistratura politicizzata alla riforma della giustizia, alla separazione delle carriere che stiamo portando avanti e non ci fermeranno.&#8221;<\/p>\n<p>Lo ha detto <strong>Galeazzo Bignami<\/strong>, capogruppo di <strong>Fratelli d&#8217;Italia<\/strong> alla Camera dei Deputati<\/p>\n","protected":false},"excerpt":{"rendered":"<p>&#8220;Giorgia Meloni non \u00e8 ricattabile perch\u00e9 evidente a tutti gli italiani che questo avviso di garanzia \u00e8 una risposta di una certa magistratura politicizzata alla riforma della giustizia, alla separazione delle carriere che stiamo portando avanti e non ci fermeranno.&#8221; Lo ha detto Galeazzo Bignami, capogruppo di Fratelli d&#8217;Italia alla Camera dei Deputati<\/p>\n","protected":false},"author":3,"featured_media":1198,"comment_status":"open","ping_status":"closed","sticky":false,"template":"","format":"standard","meta":{"om_disable_all_campaigns":false,"_monsterinsights_skip_tracking":false,"_monsterinsights_sitenote_active":false,"_monsterinsights_sitenote_note":"","_monsterinsights_sitenote_category":0,"_uf_show_specific_survey":0,"_uf_disable_surveys":false,"footnotes":""},"categories":[33],"tags":[150,47,74],"class_list":{"0":"post-1197","1":"post","2":"type-post","3":"status-publish","4":"format-standard","5":"has-post-thumbnail","7":"category-politica","8":"tag-avvisodigaranzia","9":"tag-fratelliditalia","10":"tag-giorgiameloni"},"aioseo_notices":[],"_links":{"self":[{"href":"https:\/\/ilsovranista.com\/index.php?rest_route=\/wp\/v2\/posts\/1197","targetHints":{"allow":["GET"]}}],"collection":[{"href":"https:\/\/ilsovranista.com\/index.php?rest_route=\/wp\/v2\/posts"}],"about":[{"href":"https:\/\/ilsovranista.com\/index.php?rest_route=\/wp\/v2\/types\/post"}],"author":[{"embeddable":true,"href":"https:\/\/ilsovranista.com\/index.php?rest_route=\/wp\/v2\/users\/3"}],"replies":[{"embeddable":true,"href":"https:\/\/ilsovranista.com\/index.php?rest_route=%2Fwp%2Fv2%2Fcomments&post=1197"}],"version-history":[{"count":1,"href":"https:\/\/ilsovranista.com\/index.php?rest_route=\/wp\/v2\/posts\/1197\/revisions"}],"predecessor-version":[{"id":1199,"href":"https:\/\/ilsovranista.com\/index.php?rest_route=\/wp\/v2\/posts\/1197\/revisions\/1199"}],"wp:featuredmedia":[{"embeddable":true,"href":"https:\/\/ilsovranista.com\/index.php?rest_route=\/wp\/v2\/media\/1198"}],"wp:attachment":[{"href":"https:\/\/ilsovranista.com\/index.php?rest_route=%2Fwp%2Fv2%2Fmedia&parent=1197"}],"wp:term":[{"taxonomy":"category","embeddable":true,"href":"https:\/\/ilsovranista.com\/index.php?rest_route=%2Fwp%2Fv2%2Fcategories&post=1197"},{"taxonomy":"post_tag","embeddable":true,"href":"https:\/\/ilsovranista.com\/index.php?rest_route=%2Fwp%2Fv2%2Ftags&post=1197"}],"curies":[{"name":"wp","href":"https:\/\/api.w.org\/{rel}","templated":true}]}}