{"id":1167,"date":"2025-01-28T18:47:19","date_gmt":"2025-01-28T17:47:19","guid":{"rendered":"https:\/\/ilsovranista.com\/?p=1167"},"modified":"2025-01-28T18:47:58","modified_gmt":"2025-01-28T17:47:58","slug":"caso-almasri-il-premier-meloni-indagata-a-roma-per-favoreggiamento-e-peculato-insieme-a-nordio-piantedosi-e-mantovano","status":"publish","type":"post","link":"https:\/\/ilsovranista.com\/?p=1167","title":{"rendered":"Caso Almasri, il premier Meloni indagata a Roma per favoreggiamento e peculato insieme a Nordio, Piantedosi e Mantovano"},"content":{"rendered":"<div class=\"wrapper-article-top\">\n<div class=\"article-wrapper\">\n<section id=\"article-body-7855107\" class=\"article-body\">\n<section class=\"article-content\">Il premier <strong>Giorgia Meloni<\/strong>\u00a0\u00e8 indagata per favoreggiamento e peculato dalla Procura di Roma in relazione alla vicenda del rimpatrio del generale libico\u00a0<strong>Osama Almasri<\/strong>, capo della polizia giudiziaria di Tripoli scarcerato dopo l\u2019arresto e ricondotto in patria con un aereo di Stato italiano, nonostante un\u00a0mandato di arresto nei suoi confronti emesso dalla Corte penale internazionale per crimini contro l\u2019umanit\u00e0 e crimini di guerra.\u00a0Una scelta giustificata dal governo con\u00a0<strong>ragioni di sicurezza<\/strong>\u00a0dopo la liberazione disposta dalla Corte d\u2019Appello di Roma, che per\u00f2, secondo l\u2019Associazione nazionale magistrati,\u00a0\u00e8 il frutto di una consapevole inerzia del ministero della Giustizia. Insieme alla presidente del Consiglio, hanno ricevuto un avviso di garanzia anche il ministro della Giustizia\u00a0<strong>Carlo Nordio<\/strong>, il ministro dell\u2019Interno\u00a0<strong>Matteo Piantedosi<\/strong>\u00a0e il sottosegretario a palazzo Chigi\u00a0<strong>Alfredo Mantovano<\/strong>, Autorit\u00e0 delegata ai servizi segreti. In base alla legge costituzionale numero 1 del 1989, gli atti sono stati trasmessi immediatamente dal procuratore<strong>\u00a0Francesco Lo Voi<\/strong>\u00a0al Tribunale dei ministri, competente sui procedimenti per reati commessi da membri del governo nell\u2019esercizio delle loro funzioni. Sar\u00e0 quel collegio, composto da tre giudici, a svolgere le indagini e poi decidere \u2013 entro novanta giorni \u2013 se archiviare o chiedere al Parlamento l\u2019autorizzazione a procedere.<\/p>\n<div class=\"videoplayer\">\n<div id=\"jwp-lCsGbhQk\" class=\"jwplayer jw-reset jw-state-idle jw-stretch-uniform jw-flag-aspect-mode jw-breakpoint-3 jw-floating-dismissible jw-keep-thumbnail jw-flag-user-inactive\" tabindex=\"0\" role=\"application\" aria-label=\"Video Player - Meloni: &quot;Ho ricevuto un avviso di garanzia per il caso Almasri&quot;\" aria-describedby=\"jw-jwp-lCsGbhQk-shortcuts-tooltip-explanation\">\n<div class=\"jw-aspect jw-reset\"><\/div>\n<div class=\"jw-wrapper jw-reset\">\n<div>\n<div>\n<div><\/div>\n<\/div>\n<div class=\"jw-contract-trigger\">A dare la notizia dell&#8217;avviso di garanzia ricevuto, \u00e8 stata la stessa Meloni in un video pubblicato sui social, mostrando l\u2019atto notificato dalla Procura.<\/div>\n<div class=\"jw-contract-trigger\">&#8220;La notizia di oggi \u00e8 questa. Il procuratore della Repubblica Francesco Lo Voi, lo stesso del fallimentare processo a <strong>Matteo Salvini<\/strong>\u00a0per sequestro di persona, mi ha appena inviato un avviso di garanzia per i reati di favoreggiamento e peculato in relazione alla vicenda del rimpatrio del cittadino Almasri. Avviso di garanzia inviato anche ai ministri <strong>Carlo Nordio<\/strong>, <strong>Matteo Piantedos<\/strong>i e al sottosegretario\u00a0<strong>Alfredo Mantovano<\/strong>, presumo al seguito di una denuncia che \u00e8 stata presentata dall\u2019avvocato\u00a0<strong>Luigi Li Gotti<\/strong>, ex politico di sinistra molto vicino a Romano Prodi conosciuto per avere difeso pentiti del calibro di Buscetta, Brusca e altri mafiosi\u201d.<\/div>\n<div>Per amore della verit\u00e0, Li Gotti \u00e8 difficilmente inquadrabile come un uomo di sinistra. Infatti per pi\u00f9 di 30 anni ha militato a destra, prima nel\u00a0<strong>Movimento Sociale Italiano,<\/strong> poi in Alleanza Nazionale. Nel 2002 \u00e8 passato nelle file del movimento Italia dei Valori, guidato da Antonio Di Pietro per\u00a0\u00a0cui \u00e8 stato senatore dal 2008 al 2013: dal 2006 al 2008 ha ricoperto il ruolo di sottosegretario alla Giustizia nel secondo governo Prodi.<\/div>\n<\/div>\n<\/div>\n<\/div>\n<\/div>\n<aside class=\"wrapper-custom-correlato full-correlato \">\n<div class=\"text\">\n<h3 class=\"title-correlato\"><span style=\"color: #222222; font-family: Verdana, BlinkMacSystemFont, -apple-system, 'Segoe UI', Roboto, Oxygen, Ubuntu, Cantarell, 'Open Sans', 'Helvetica Neue', sans-serif; font-size: 15px;\">\u201cIo penso che valga oggi quello che valeva ieri, non sono ricattabile e non mi faccio intimidire. E&#8217; possibile<\/span><span style=\"color: #222222; font-family: Verdana, BlinkMacSystemFont, -apple-system, 'Segoe UI', Roboto, Oxygen, Ubuntu, Cantarell, 'Open Sans', 'Helvetica Neue', sans-serif; font-size: 15px;\"> che per questo sia invisa a chi non vuole che l\u2019Italia cambi e diventi migliore, ma \u00e8 anche e soprattutto per questo che intendo andare avanti per la mia strada a difesa degli italiani soprattutto quando \u00e8 in gioco la sicurezza della nazione. A testa alta e senza paura\u201d.\u00a0<\/span><\/h3>\n<h3 class=\"title-correlato\"><span style=\"color: #222222; font-family: Verdana, BlinkMacSystemFont, -apple-system, 'Segoe UI', Roboto, Oxygen, Ubuntu, Cantarell, 'Open Sans', 'Helvetica Neue', sans-serif; font-size: 15px;\">Il premier fornisce poi la sua ricostruzione della vicenda: \u201cI fatti sono abbastanza noti. La Corte penale internazionale, dopo <\/span><strong style=\"color: #222222; font-family: Verdana, BlinkMacSystemFont, -apple-system, 'Segoe UI', Roboto, Oxygen, Ubuntu, Cantarell, 'Open Sans', 'Helvetica Neue', sans-serif; font-size: 15px;\">mesi di riflessione<\/strong><span style=\"color: #222222; font-family: Verdana, BlinkMacSystemFont, -apple-system, 'Segoe UI', Roboto, Oxygen, Ubuntu, Cantarell, 'Open Sans', 'Helvetica Neue', sans-serif; font-size: 15px;\">\u00a0emette un mandato di arresto internazionale nei confronti del capo della polizia giudiziaria di Tripoli. Curiosamente la Corte lo fa proprio quando questa persona stava per entrare sul territorio italiano dopo che per circa 12 giorni aveva serenamente soggiornato in altri tre Stati europei\u201d, accusa. \u201cLa richiesta di arresto della Corte penale internazionale\u00a0<\/span><strong style=\"color: #222222; font-family: Verdana, BlinkMacSystemFont, -apple-system, 'Segoe UI', Roboto, Oxygen, Ubuntu, Cantarell, 'Open Sans', 'Helvetica Neue', sans-serif; font-size: 15px;\">non \u00e8 stata trasmessa<\/strong><span style=\"color: #222222; font-family: Verdana, BlinkMacSystemFont, -apple-system, 'Segoe UI', Roboto, Oxygen, Ubuntu, Cantarell, 'Open Sans', 'Helvetica Neue', sans-serif; font-size: 15px;\">\u00a0al ministero della Giustizia italiano, come invece \u00e8 previsto dalla legge, e per questo la Corte d\u2019Appello di Roma decide di non procedere alla sua convalida. A questo punto, con questo soggetto libero sul territorio italiano, invece di lasciarlo libero noi decidiamo di espellerlo e rimpatriarlo per ragioni di sicurezza\u201d<\/span><\/h3>\n<\/div>\n<\/aside>\n<\/section>\n<\/section>\n<\/div>\n<\/div>\n","protected":false},"excerpt":{"rendered":"<p>Il premier Giorgia Meloni\u00a0\u00e8 indagata per favoreggiamento e peculato dalla Procura di Roma in relazione alla vicenda del rimpatrio del generale libico\u00a0Osama Almasri, capo della polizia giudiziaria di Tripoli scarcerato dopo l\u2019arresto e ricondotto in patria con un aereo di Stato italiano, nonostante un\u00a0mandato di arresto nei suoi confronti emesso dalla Corte penale internazionale per [&hellip;]<\/p>\n","protected":false},"author":3,"featured_media":1168,"comment_status":"open","ping_status":"closed","sticky":false,"template":"","format":"standard","meta":{"om_disable_all_campaigns":false,"_monsterinsights_skip_tracking":false,"_monsterinsights_sitenote_active":false,"_monsterinsights_sitenote_note":"","_monsterinsights_sitenote_category":0,"_uf_show_specific_survey":0,"_uf_disable_surveys":false,"footnotes":""},"categories":[33],"tags":[152,150,99,149,74,151],"class_list":{"0":"post-1167","1":"post","2":"type-post","3":"status-publish","4":"format-standard","5":"has-post-thumbnail","7":"category-politica","8":"tag-alfredomantovano","9":"tag-avvisodigaranzia","10":"tag-carlonordio","11":"tag-casoalmasri","12":"tag-giorgiameloni","13":"tag-matteopiantedosi"},"aioseo_notices":[],"_links":{"self":[{"href":"https:\/\/ilsovranista.com\/index.php?rest_route=\/wp\/v2\/posts\/1167","targetHints":{"allow":["GET"]}}],"collection":[{"href":"https:\/\/ilsovranista.com\/index.php?rest_route=\/wp\/v2\/posts"}],"about":[{"href":"https:\/\/ilsovranista.com\/index.php?rest_route=\/wp\/v2\/types\/post"}],"author":[{"embeddable":true,"href":"https:\/\/ilsovranista.com\/index.php?rest_route=\/wp\/v2\/users\/3"}],"replies":[{"embeddable":true,"href":"https:\/\/ilsovranista.com\/index.php?rest_route=%2Fwp%2Fv2%2Fcomments&post=1167"}],"version-history":[{"count":1,"href":"https:\/\/ilsovranista.com\/index.php?rest_route=\/wp\/v2\/posts\/1167\/revisions"}],"predecessor-version":[{"id":1169,"href":"https:\/\/ilsovranista.com\/index.php?rest_route=\/wp\/v2\/posts\/1167\/revisions\/1169"}],"wp:featuredmedia":[{"embeddable":true,"href":"https:\/\/ilsovranista.com\/index.php?rest_route=\/wp\/v2\/media\/1168"}],"wp:attachment":[{"href":"https:\/\/ilsovranista.com\/index.php?rest_route=%2Fwp%2Fv2%2Fmedia&parent=1167"}],"wp:term":[{"taxonomy":"category","embeddable":true,"href":"https:\/\/ilsovranista.com\/index.php?rest_route=%2Fwp%2Fv2%2Fcategories&post=1167"},{"taxonomy":"post_tag","embeddable":true,"href":"https:\/\/ilsovranista.com\/index.php?rest_route=%2Fwp%2Fv2%2Ftags&post=1167"}],"curies":[{"name":"wp","href":"https:\/\/api.w.org\/{rel}","templated":true}]}}