{"id":1162,"date":"2025-01-28T06:00:58","date_gmt":"2025-01-28T05:00:58","guid":{"rendered":"https:\/\/ilsovranista.com\/?p=1162"},"modified":"2025-01-28T06:00:58","modified_gmt":"2025-01-28T05:00:58","slug":"fini-senza-fiuggi-meloni-non-sarebbe-a-palazzo-chigi","status":"publish","type":"post","link":"https:\/\/ilsovranista.com\/?p=1162","title":{"rendered":"Fini: \u201cSenza Fiuggi Meloni non sarebbe a Palazzo Chigi"},"content":{"rendered":"<p class=\"disable\"><strong>Estratto dell\u2019articolo di Alessandro De Angelis per\u00a0<a href=\"http:\/\/www.lastampa.it\/\" target=\"_blank\" rel=\"noopener\">\u201cla Stampa\u201d<\/a><\/strong><\/p>\n<p class=\"disable\">\n<p><a class=\"float-left img-wrapper\" href=\"https:\/\/www.dagospia.com\/media-gallery\/dago-fotogallery-458984\/2090309\"><img decoding=\"async\" id=\"2090309\" src=\"https:\/\/www.dagospia.com\/img\/foto\/01-2025\/gianfranco-fini-2090309_800_q50.webp\" \/><\/a>\u00abCi sono dei momenti in cui la storia accelera. Valeva allora, con buona pace di chi diceva, dopo l&#8217;89, che la storia era finita. Vale oggi. Fiuggi \u00e8 semplicemente un&#8217;altra epoca\u00bb, ci dice Gianfranco Fini, ex leader dei An, in questo 27 gennaio, che \u00e8 tante cose, tra memoria e presente: il trentennale della &#8220;svolta di Fiuggi&#8221; [\u2026]<\/p>\n<p class=\"disable\"><strong>Fini, quando decise che era giunto il momento di &#8220;uscire dalla casa del padre&#8221;?<\/strong><\/p>\n<p class=\"disable\">\u00abLa convinzione matur\u00f2 in ragione degli eventi, che aprivano scenari imprevedibili: il crollo del Muro metteva fine a un ordine mondiale bipolare Usa-Urss, in Italia il riflesso fu l&#8217;accelerazione della crisi della Prima Repubblica, che poi esplode su Tangentopoli. Andava colta l&#8217;occasione\u00bb.<\/p>\n<p class=\"disable\"><strong>Chi ha sdoganato la destra? Gli elettori, Berlusconi, lei o un insieme di fattori?<\/strong><\/p>\n<p class=\"disable\">\u00ab[\u2026] non c&#8217;\u00e8 dubbio che decisiva fu l&#8217;elezione diretta dei sindaci alle amministrative del &#8217;93. Era evidente che il voto a destra non era pi\u00f9 in frigorifero, ma nessuno doveva pensare di vedersi quei voti restituiti\u00bb.<\/p>\n<p><a class=\"float-right img-wrapper\" href=\"https:\/\/www.dagospia.com\/media-gallery\/dago-fotogallery-458984\/2090310\"><img decoding=\"async\" id=\"2090310\" src=\"https:\/\/www.dagospia.com\/img\/foto\/01-2025\/gianfranco-fini-e-la-svolta-di-fiuggi-2090310_800_q50.webp\" \/><\/a><strong>Oggi si direbbe: il popolo ci vota, perch\u00e9 compiere una revisione politica e culturale?<\/strong><\/p>\n<p class=\"disable\">\u00abE questo \u00e8 il punto. An nasce dalla consapevolezza che era finito il lungo Dopoguerra. E che per andare in mare aperto occorreva costruire una destra con cultura di governo. Non bastava l&#8217;orgogliosa dimostrazione di essere quelli &#8220;dalle mani pulite&#8221; ed estranei a un sistema morente\u00bb.<\/p>\n<p class=\"disable\"><strong>Cio\u00e8 lei avverte la necessit\u00e0, nel momento in cui va al governo, di aderire al sistema di valori della Repubblica.<\/strong><\/p>\n<p class=\"disable\">\u00abEsattamente. Fiuggi \u00e8 questo: la necessit\u00e0 di fare i conti con la storia, da parte di chi non aveva fatto parte dell&#8217;Assemblea costituente ed era stato escluso dal famoso arco costituzionale. Riconciliare la destra con i valori e i principi della prima parte della Costituzione\u00bb.<\/p>\n<p><a class=\"float-left img-wrapper\" href=\"https:\/\/www.dagospia.com\/media-gallery\/dago-fotogallery-458984\/2090269\"><img decoding=\"async\" id=\"2090269\" src=\"https:\/\/www.dagospia.com\/img\/foto\/01-2025\/alleanza-nazionale-la-svolta-di-fiuggi-2090269_800_q50.webp\" \/><\/a><strong>Qualcuno le diceva &#8220;a che serve, tanto ci votano?&#8221;<\/strong><\/p>\n<p class=\"disable\">\u00abS\u00ec, molti dicevano: &#8220;Ma come, proprio ora che vinciamo, rischiamo di dare ragione ai nostri avversari e qualcuno viene con noi?&#8221;. La necessit\u00e0 culturale invece era proprio allargare agli altri, non come figurine da annettere nell&#8217;album di famiglia, ma per costruire assieme una alleanza repubblicana, una alleanza nazionale. Pinuccio Tatarella e Domenico Fisichella furono impareggiabili in tal senso\u00bb.<\/p>\n<p class=\"disable\"><strong>In quanti hanno vissuto Fiuggi come l&#8217;abito buono per stare al governo e in quanti come una profonda convinzione?<\/strong><\/p>\n<p><a class=\"float-right img-wrapper\" href=\"https:\/\/www.dagospia.com\/media-gallery\/dago-fotogallery-458984\/2071272\"><img decoding=\"async\" id=\"2071272\" src=\"https:\/\/www.dagospia.com\/img\/foto\/12-2024\/gianfranco-fini-2071272_800_q50.webp\" \/><br \/>\n<\/a><\/p>\n<p class=\"disable\">\u00abCredo che all&#8217;inizio prevalse l&#8217;idea di cavalcare un&#8217;onda, e forse c&#8217;era anche l&#8217;elemento psicologico di un dolore, per la fuoriuscita dalla casa del padre, lenito dal potere. Poi per\u00f2 \u00e8 apparso evidente che era impensabile tornare indietro\u00bb.<\/p>\n<p class=\"disable\"><strong>Riconciliare destra e Costituzione e allargare. Non \u00e8 l&#8217;opposto della destra di oggi?<\/strong><\/p>\n<p class=\"disable\">\u00abDistinguerei i piani. Un conto \u00e8 la grande differenza tra il mondo e la destra di allora e il mondo e la destra di oggi. Altro \u00e8 negare l&#8217;attualit\u00e0 di quei valori costituzionali che fanno di una destra che vince le elezioni una destra con cultura di governo. Di Giorgia Meloni si pu\u00f2 dire quel che si vuole, ma non che l&#8217;azione di FdI sia lesiva di quei valori\u00bb.<\/p>\n<p class=\"disable\"><strong>E l&#8217;antifascismo? Cosa resta di Fiuggi?<\/strong><\/p>\n<p class=\"disable\">\u00abUna realt\u00e0 da cui non si torna indietro. Vedo un elemento di continuit\u00e0 nella tutela dell&#8217;interesse nazionale nell&#8217;abito dei valori costituzionali. Evitiamo di fare del fascismo e dell&#8217;antifascismo una caricatura\u00bb.<\/p>\n<p><a class=\"float-left img-wrapper\" href=\"https:\/\/www.dagospia.com\/media-gallery\/dago-fotogallery-458984\/2090268\"><img decoding=\"async\" id=\"2090268\" src=\"https:\/\/www.dagospia.com\/img\/foto\/01-2025\/alleanza-nazionale-la-svolta-di-fiuggi-2090268_800_q50.webp\" \/><br \/>\n<\/a><\/p>\n<p class=\"disable\"><strong>A proposito, lo ha visto il film su Mussolini?<\/strong><\/p>\n<p class=\"disable\">\u00abI libri di Scurati li ho apprezzati, nel film vedo un aspetto macchiettistico che nulla ha a che vedere con la gravitas di una storia peraltro molto complessa\u00bb.<\/p>\n<p class=\"disable\"><strong>Lei fa Fiuggi, guardando a Bush, Khol, Chirac, Aznar. Oggi non c&#8217;\u00e8 un tema per conciliare sovranismo e democrazia, nel mondo di Trump?<\/strong><\/p>\n<p class=\"disable\">\u00abBisogna capire cosa \u00e8 populismo, perch\u00e9 spesso \u00e8 il termine magico con cui la sinistra etichetta gli avversari quando il popolo sovrano non la riconosce. [\u2026] la democrazia \u00e8 diventata un po&#8217; &#8220;populista&#8221; per tutti: disintermediazione, crisi dei partiti tradizionali, eccetera. [\u2026] nell&#8217;attuale fase storica, segnata dalla crisi e dall&#8217;insicurezza, la destra ha capito che il tema centrale \u00e8 l&#8217;identit\u00e0. Se non sai chi sei, hai paura di tutto\u00bb.<\/p>\n<p><a class=\"float-right img-wrapper\" href=\"https:\/\/www.dagospia.com\/media-gallery\/dago-fotogallery-458984\/2090267\"><img decoding=\"async\" id=\"2090267\" src=\"https:\/\/www.dagospia.com\/img\/foto\/01-2025\/alleanza-nazionale-la-svolta-di-fiuggi-2090267_800_q50.webp\" \/><br \/>\n<\/a><\/p>\n<p class=\"disable\"><strong>Paura \u00e8 una parola chiave. Identit\u00e0 \u00e8 anche trasformare la paura in odio, parafrasando M di Scurati, come fa Trump.<\/strong><\/p>\n<p class=\"disable\">\u00abTrump affida a quella foto il compito di dimostrare che lui fa quel che promette. Il guaio \u00e8 che quella foto dei &#8220;prigionieri in catene&#8221; pu\u00f2 davvero alimentare l&#8217;odio. I clandestini vanno giustamente espulsi perch\u00e9 hanno violato la legge, non perch\u00e9 in quanto immigrati sono &#8220;nemici degli americani&#8221; da deportare\u00bb.<\/p>\n<p class=\"disable\"><strong>La sua An \u00e8 quella dello ius scholae e dei diritti. Non vede passi indietro proprio sul tema della cultura del nemico, anche in Italia?<\/strong><\/p>\n<p class=\"disable\">\u00abVedo, semplicemente, un&#8217;altra epoca. Io la penso come allora. Controllare le frontiere \u00e8 sacrosanto, ma \u00e8 altrettanto doveroso che chi entra in modo legale sia davvero integrato. E lo ius scholae \u00e8 tutt&#8217;altro che un incentivo ad &#8220;invaderci&#8221; ma un modo per favorire un&#8217;integrazione fondata sul riconoscimento dei diritti e dei doveri\u00bb.<\/p>\n<p><a class=\"float-left img-wrapper\" href=\"https:\/\/www.dagospia.com\/media-gallery\/dago-fotogallery-458984\/2090265\"><img decoding=\"async\" id=\"2090265\" src=\"https:\/\/www.dagospia.com\/img\/foto\/01-2025\/alleanza-nazionale-la-svolta-di-fiuggi-2090265_800_q50.webp\" \/><br \/>\n<\/a><\/p>\n<p class=\"disable\"><strong>Scusi Fini, la sua An avrebbe appoggiato l&#8217;ipotesi di cancellare il genere X?<\/strong><\/p>\n<p class=\"disable\">\u00abIn natura esistono il genere maschile e femminile. Il rischio della volont\u00e0 di Trump consiste nel far seguire alla cancellazione del genere X la cancellazione della parit\u00e0 di diritti tra gli esseri umani in ragione del loro orientamento sessuale. E di conseguenza favorire la discriminazione degli omosessuali e dei transgender\u00bb.<\/p>\n<p class=\"disable\"><strong>Cosa \u00e8 per lei, che and\u00f2 a Gerusalemme a denunciare il fascismo come male assoluto, il giorno della Memoria?<\/strong><\/p>\n<p><a class=\"float-right img-wrapper\" href=\"https:\/\/www.dagospia.com\/media-gallery\/dago-fotogallery-458984\/2090266\"><img decoding=\"async\" id=\"2090266\" src=\"https:\/\/www.dagospia.com\/img\/foto\/01-2025\/alleanza-nazionale-la-svolta-di-fiuggi-2090266_800_q50.webp\" \/><\/a><\/p>\n<p class=\"disable\">\u00abLa necessit\u00e0 di guardare gli orrori della storia come se fossero accaduti ieri, a maggior ragione ora che vanno scomparendo i sopravvissuti. Il valore della memoria \u00e8 essenziale per sconfiggere la pseudocultura dell&#8217;effimero e per evitare che l&#8217;attuale presentismo sia il vuoto assoluto\u00bb.<\/p>\n<p class=\"disable\"><strong>Destra e antisemitismo, problema risolto da allora?<\/strong><\/p>\n<p class=\"disable\">\u00abIn Italia direi di s\u00ec. [\u2026]\u00bb. [\u2026]<\/p>\n","protected":false},"excerpt":{"rendered":"<p>Estratto dell\u2019articolo di Alessandro De Angelis per\u00a0\u201cla Stampa\u201d \u00abCi sono dei momenti in cui la storia accelera. Valeva allora, con buona pace di chi diceva, dopo l&#8217;89, che la storia era finita. Vale oggi. Fiuggi \u00e8 semplicemente un&#8217;altra epoca\u00bb, ci dice Gianfranco Fini, ex leader dei An, in questo 27 gennaio, che \u00e8 tante cose, [&hellip;]<\/p>\n","protected":false},"author":3,"featured_media":1163,"comment_status":"open","ping_status":"closed","sticky":false,"template":"","format":"standard","meta":{"om_disable_all_campaigns":false,"_monsterinsights_skip_tracking":false,"_monsterinsights_sitenote_active":false,"_monsterinsights_sitenote_note":"","_monsterinsights_sitenote_category":0,"_uf_show_specific_survey":0,"_uf_disable_surveys":false,"footnotes":""},"categories":[33],"tags":[145,146,67,144],"class_list":{"0":"post-1162","1":"post","2":"type-post","3":"status-publish","4":"format-standard","5":"has-post-thumbnail","7":"category-politica","8":"tag-alleanzanazionale","9":"tag-antifascismo","10":"tag-antisemitismo","11":"tag-congressodifiuggi-destra-movimentosocialeitaliano"},"aioseo_notices":[],"_links":{"self":[{"href":"https:\/\/ilsovranista.com\/index.php?rest_route=\/wp\/v2\/posts\/1162","targetHints":{"allow":["GET"]}}],"collection":[{"href":"https:\/\/ilsovranista.com\/index.php?rest_route=\/wp\/v2\/posts"}],"about":[{"href":"https:\/\/ilsovranista.com\/index.php?rest_route=\/wp\/v2\/types\/post"}],"author":[{"embeddable":true,"href":"https:\/\/ilsovranista.com\/index.php?rest_route=\/wp\/v2\/users\/3"}],"replies":[{"embeddable":true,"href":"https:\/\/ilsovranista.com\/index.php?rest_route=%2Fwp%2Fv2%2Fcomments&post=1162"}],"version-history":[{"count":1,"href":"https:\/\/ilsovranista.com\/index.php?rest_route=\/wp\/v2\/posts\/1162\/revisions"}],"predecessor-version":[{"id":1164,"href":"https:\/\/ilsovranista.com\/index.php?rest_route=\/wp\/v2\/posts\/1162\/revisions\/1164"}],"wp:featuredmedia":[{"embeddable":true,"href":"https:\/\/ilsovranista.com\/index.php?rest_route=\/wp\/v2\/media\/1163"}],"wp:attachment":[{"href":"https:\/\/ilsovranista.com\/index.php?rest_route=%2Fwp%2Fv2%2Fmedia&parent=1162"}],"wp:term":[{"taxonomy":"category","embeddable":true,"href":"https:\/\/ilsovranista.com\/index.php?rest_route=%2Fwp%2Fv2%2Fcategories&post=1162"},{"taxonomy":"post_tag","embeddable":true,"href":"https:\/\/ilsovranista.com\/index.php?rest_route=%2Fwp%2Fv2%2Ftags&post=1162"}],"curies":[{"name":"wp","href":"https:\/\/api.w.org\/{rel}","templated":true}]}}