{"id":1141,"date":"2025-01-27T05:55:42","date_gmt":"2025-01-27T04:55:42","guid":{"rendered":"https:\/\/ilsovranista.com\/?p=1141"},"modified":"2025-01-27T05:55:42","modified_gmt":"2025-01-27T04:55:42","slug":"perche-gianni-alemanno-e-rimasto-in-carcere-nonostante-non-ha-fatto-niente","status":"publish","type":"post","link":"https:\/\/ilsovranista.com\/?p=1141","title":{"rendered":"Perch\u00e9 Gianni Alemanno \u00e8 rimasto in carcere nonostante non ha fatto niente"},"content":{"rendered":"<p>Fonte L&#8217;Unit\u00e0<\/p>\n<p>La procura ha insistito:\u00a0<strong>Gianni Alemanno<\/strong>, l\u2019ex sindaco di Roma, l\u2019ex ministro, il leader di movimenti di destra, deve stare in prigione per un altro anno e mezzo. Perch\u00e9? Perch\u00e9\u00a0ha violato le regole che lo vincolavano mentre scontava ai servizi sociali\u00a0una condanna a 22 mesi per\u00a0<strong>traffico di influenze.<\/strong><\/p>\n<p>Alemanno aveva gi\u00e0 scontato quasi tutta la pena, ma siccome ha violato le regole ora deve ricominciare da capo, e non pi\u00f9 ai servizi sociali ma in cella. La Procura\u00a0<em>\u201cgenerosamente\u201d,<\/em>\u00a0ha chiesto che invece di ricominciare proprio dall\u2019inizio e scontare tutti e 22 i mesi della condanna, n\u00e9 sconti sono 18. Ora tenete conto anche del fatto che Alemanno non ha ucciso, non ha ferito, non ha rubato, non ha stuprato. Era stato accusato di essere mafioso. Assolto. Di avere truffato. Assolto. Si \u00e8 limitato, quando era sindaco, a chiedere agli uffici come mai un pagamento a un collaboratore, perfettamente legittimo, non era ancora stato effettuato.<\/p>\n<p>Beccato -hanno gridato i giudici dopo che tutte le altre accuse erano cadute \u2013 e non sapendo bene per cosa condannare lo hanno condannato per il reato che va sempre bene: traffico di influenze. Va sempre bene perch\u00e9 nessuno sa cosa vuol dire. Ventidue mesi comunque darebbero diritto alla condizionale. Cio\u00e8 alla sospensione della pena. Perch\u00e9 non \u00e8 stata concessa? Perch\u00e9 \u00e8 a discrezione del giudice.\u00a0Voi dite che c\u2019\u00e8 accanimento contro Alemanno? Io dico di s\u00ec.<\/p>\n","protected":false},"excerpt":{"rendered":"<p>Fonte L&#8217;Unit\u00e0 La procura ha insistito:\u00a0Gianni Alemanno, l\u2019ex sindaco di Roma, l\u2019ex ministro, il leader di movimenti di destra, deve stare in prigione per un altro anno e mezzo. Perch\u00e9? Perch\u00e9\u00a0ha violato le regole che lo vincolavano mentre scontava ai servizi sociali\u00a0una condanna a 22 mesi per\u00a0traffico di influenze. Alemanno aveva gi\u00e0 scontato quasi tutta [&hellip;]<\/p>\n","protected":false},"author":3,"featured_media":1142,"comment_status":"open","ping_status":"closed","sticky":false,"template":"","format":"standard","meta":{"om_disable_all_campaigns":false,"_monsterinsights_skip_tracking":false,"_monsterinsights_sitenote_active":false,"_monsterinsights_sitenote_note":"","_monsterinsights_sitenote_category":0,"_uf_show_specific_survey":0,"_uf_disable_surveys":false,"footnotes":""},"categories":[33],"tags":[136,137,135],"class_list":{"0":"post-1141","1":"post","2":"type-post","3":"status-publish","4":"format-standard","5":"has-post-thumbnail","7":"category-politica","8":"tag-arresto","9":"tag-giannialemanno","10":"tag-trafficodiinfluenze"},"aioseo_notices":[],"_links":{"self":[{"href":"https:\/\/ilsovranista.com\/index.php?rest_route=\/wp\/v2\/posts\/1141","targetHints":{"allow":["GET"]}}],"collection":[{"href":"https:\/\/ilsovranista.com\/index.php?rest_route=\/wp\/v2\/posts"}],"about":[{"href":"https:\/\/ilsovranista.com\/index.php?rest_route=\/wp\/v2\/types\/post"}],"author":[{"embeddable":true,"href":"https:\/\/ilsovranista.com\/index.php?rest_route=\/wp\/v2\/users\/3"}],"replies":[{"embeddable":true,"href":"https:\/\/ilsovranista.com\/index.php?rest_route=%2Fwp%2Fv2%2Fcomments&post=1141"}],"version-history":[{"count":2,"href":"https:\/\/ilsovranista.com\/index.php?rest_route=\/wp\/v2\/posts\/1141\/revisions"}],"predecessor-version":[{"id":1144,"href":"https:\/\/ilsovranista.com\/index.php?rest_route=\/wp\/v2\/posts\/1141\/revisions\/1144"}],"wp:featuredmedia":[{"embeddable":true,"href":"https:\/\/ilsovranista.com\/index.php?rest_route=\/wp\/v2\/media\/1142"}],"wp:attachment":[{"href":"https:\/\/ilsovranista.com\/index.php?rest_route=%2Fwp%2Fv2%2Fmedia&parent=1141"}],"wp:term":[{"taxonomy":"category","embeddable":true,"href":"https:\/\/ilsovranista.com\/index.php?rest_route=%2Fwp%2Fv2%2Fcategories&post=1141"},{"taxonomy":"post_tag","embeddable":true,"href":"https:\/\/ilsovranista.com\/index.php?rest_route=%2Fwp%2Fv2%2Ftags&post=1141"}],"curies":[{"name":"wp","href":"https:\/\/api.w.org\/{rel}","templated":true}]}}