{"id":1132,"date":"2025-01-27T00:01:04","date_gmt":"2025-01-26T23:01:04","guid":{"rendered":"https:\/\/ilsovranista.com\/?p=1132"},"modified":"2025-01-26T21:04:14","modified_gmt":"2025-01-26T20:04:14","slug":"messaggi-intimidatori-dagli-haker-russi-al-segretario-della-lega-marco-dreosto","status":"publish","type":"post","link":"https:\/\/ilsovranista.com\/?p=1132","title":{"rendered":"Messaggi intimidatori dagli haker russi al segretario della Lega Marco Dreosto"},"content":{"rendered":"<p>Il senatore<strong> Marco Dreosto<\/strong>, segretario regionale della<strong> Lega<\/strong> in Friuli Venezia Giulia\u00a0 \u00e8 stato vittima di messaggi intimidatori ricevuti e presumibilmente collegati a gruppi di hacker russi. L&#8217;episodio si \u00e8 verificato in seguito al suo intervento in Senato, durante il quale ha segnalato l&#8217;attacco informatico che ha colpito il porto di Trieste. A darne notizia con una nota il Gruppo consiliare della Lega che esprime la propria solidariet\u00e0 a Dreosto.<\/p>\n<p>&#8220;Al segretario regionale va la nostra vicinanza, attendiamo con fiducia le indagini e gli approfondimenti delle autorit\u00e0 che stanno facendo luce su quanto accaduto&#8221; scrive il capogruppo Antonio Calligaris che a nome dei colleghi leghisti, sostiene che &#8220;questi fatti dimostrano che ai giorni nostri le guerre non si combattono solamente sul campo, ma anche nei nostri sistemi digitali. Si tratta di un tema delicato che dovrebbe stare a cuore a tutti perch\u00e9 rappresenta una minaccia all&#8217;esercizio della nostra democrazia. Investire sulla difesa digitale \u00e8 diventata una priorit\u00e0 dato che c&#8217;\u00e8 in ballo la nostra sicurezza. Bisogna lavorare per garantire la protezione delle reti&#8221;.<\/p>\n","protected":false},"excerpt":{"rendered":"<p>Il senatore Marco Dreosto, segretario regionale della Lega in Friuli Venezia Giulia\u00a0 \u00e8 stato vittima di messaggi intimidatori ricevuti e presumibilmente collegati a gruppi di hacker russi. L&#8217;episodio si \u00e8 verificato in seguito al suo intervento in Senato, durante il quale ha segnalato l&#8217;attacco informatico che ha colpito il porto di Trieste. A darne notizia [&hellip;]<\/p>\n","protected":false},"author":3,"featured_media":1133,"comment_status":"open","ping_status":"closed","sticky":false,"template":"","format":"standard","meta":{"om_disable_all_campaigns":false,"_monsterinsights_skip_tracking":false,"_monsterinsights_sitenote_active":false,"_monsterinsights_sitenote_note":"","_monsterinsights_sitenote_category":0,"_uf_show_specific_survey":0,"_uf_disable_surveys":false,"footnotes":""},"categories":[33],"tags":[127,44,129,128],"class_list":{"0":"post-1132","1":"post","2":"type-post","3":"status-publish","4":"format-standard","5":"has-post-thumbnail","7":"category-politica","8":"tag-haker","9":"tag-lega","10":"tag-marcodreosto","11":"tag-messaggintimidatori"},"aioseo_notices":[],"_links":{"self":[{"href":"https:\/\/ilsovranista.com\/index.php?rest_route=\/wp\/v2\/posts\/1132","targetHints":{"allow":["GET"]}}],"collection":[{"href":"https:\/\/ilsovranista.com\/index.php?rest_route=\/wp\/v2\/posts"}],"about":[{"href":"https:\/\/ilsovranista.com\/index.php?rest_route=\/wp\/v2\/types\/post"}],"author":[{"embeddable":true,"href":"https:\/\/ilsovranista.com\/index.php?rest_route=\/wp\/v2\/users\/3"}],"replies":[{"embeddable":true,"href":"https:\/\/ilsovranista.com\/index.php?rest_route=%2Fwp%2Fv2%2Fcomments&post=1132"}],"version-history":[{"count":1,"href":"https:\/\/ilsovranista.com\/index.php?rest_route=\/wp\/v2\/posts\/1132\/revisions"}],"predecessor-version":[{"id":1134,"href":"https:\/\/ilsovranista.com\/index.php?rest_route=\/wp\/v2\/posts\/1132\/revisions\/1134"}],"wp:featuredmedia":[{"embeddable":true,"href":"https:\/\/ilsovranista.com\/index.php?rest_route=\/wp\/v2\/media\/1133"}],"wp:attachment":[{"href":"https:\/\/ilsovranista.com\/index.php?rest_route=%2Fwp%2Fv2%2Fmedia&parent=1132"}],"wp:term":[{"taxonomy":"category","embeddable":true,"href":"https:\/\/ilsovranista.com\/index.php?rest_route=%2Fwp%2Fv2%2Fcategories&post=1132"},{"taxonomy":"post_tag","embeddable":true,"href":"https:\/\/ilsovranista.com\/index.php?rest_route=%2Fwp%2Fv2%2Ftags&post=1132"}],"curies":[{"name":"wp","href":"https:\/\/api.w.org\/{rel}","templated":true}]}}