{"id":1110,"date":"2025-01-25T19:38:03","date_gmt":"2025-01-25T18:38:03","guid":{"rendered":"https:\/\/ilsovranista.com\/?p=1110"},"modified":"2025-01-25T19:38:24","modified_gmt":"2025-01-25T18:38:24","slug":"caso-santanche-meloni-il-rinvio-a-giudizio-non-e-necessariamente-motivo-di-dimissioni","status":"publish","type":"post","link":"https:\/\/ilsovranista.com\/?p=1110","title":{"rendered":"Caso Santanch\u00e9, Meloni: il rinvio a giudizio non \u00e8 necessariamente motivo di dimissioni."},"content":{"rendered":"<p>Il presidente del Consiglio <strong>Giorgia<\/strong>\u00a0<strong>Meloni<\/strong>\u00a0rompe il silenzio sul caso di\u00a0<strong>Daniela<\/strong>\u00a0<strong>Santanch\u00e8<\/strong>, il ministro del Turismo finita nei guai giudiziari per le questioni legate alla sua societ\u00e0 <strong>Visibilia<\/strong>. IL premier parla da <strong>Gedda<\/strong>, mentre fa visita alla nave scuola\u00a0Amerigo Vespucci, e conferma che una &#8220;riflessione&#8221;\u00a0 sar\u00e0 necessaria, per quanto il solo rinvio a giudizio del ministro non implichi che lasci il suo incarico. &#8220;C\u2019\u00e8 una riflessione che deve tenere conto del quadro generale in un clima assolutamente sereno, dichiara Meloni precisando: non credo che <strong>un rinvio a giudizio<\/strong> sia per esso stesso motivo di dimissione. Penso anche che il ministro Santanch\u00e8 stia lavorando ottimamente. La valutazione che semmai va fatta \u00e8 quanto questo possa impattare sul suo lavoro di ministro. E questo \u00e8 quello su cui in questo momento non ho le idee chiare\u201c.<\/p>\n","protected":false},"excerpt":{"rendered":"<p>Il presidente del Consiglio Giorgia\u00a0Meloni\u00a0rompe il silenzio sul caso di\u00a0Daniela\u00a0Santanch\u00e8, il ministro del Turismo finita nei guai giudiziari per le questioni legate alla sua societ\u00e0 Visibilia. IL premier parla da Gedda, mentre fa visita alla nave scuola\u00a0Amerigo Vespucci, e conferma che una &#8220;riflessione&#8221;\u00a0 sar\u00e0 necessaria, per quanto il solo rinvio a giudizio del ministro non [&hellip;]<\/p>\n","protected":false},"author":3,"featured_media":1111,"comment_status":"open","ping_status":"closed","sticky":false,"template":"","format":"standard","meta":{"om_disable_all_campaigns":false,"_monsterinsights_skip_tracking":false,"_monsterinsights_sitenote_active":false,"_monsterinsights_sitenote_note":"","_monsterinsights_sitenote_category":0,"_uf_show_specific_survey":0,"_uf_disable_surveys":false,"footnotes":""},"categories":[33],"tags":[74,114,115],"class_list":{"0":"post-1110","1":"post","2":"type-post","3":"status-publish","4":"format-standard","5":"has-post-thumbnail","7":"category-politica","8":"tag-giorgiameloni","9":"tag-santanche-rinvioagiudizio","10":"tag-visiblia"},"aioseo_notices":[],"_links":{"self":[{"href":"https:\/\/ilsovranista.com\/index.php?rest_route=\/wp\/v2\/posts\/1110","targetHints":{"allow":["GET"]}}],"collection":[{"href":"https:\/\/ilsovranista.com\/index.php?rest_route=\/wp\/v2\/posts"}],"about":[{"href":"https:\/\/ilsovranista.com\/index.php?rest_route=\/wp\/v2\/types\/post"}],"author":[{"embeddable":true,"href":"https:\/\/ilsovranista.com\/index.php?rest_route=\/wp\/v2\/users\/3"}],"replies":[{"embeddable":true,"href":"https:\/\/ilsovranista.com\/index.php?rest_route=%2Fwp%2Fv2%2Fcomments&post=1110"}],"version-history":[{"count":1,"href":"https:\/\/ilsovranista.com\/index.php?rest_route=\/wp\/v2\/posts\/1110\/revisions"}],"predecessor-version":[{"id":1112,"href":"https:\/\/ilsovranista.com\/index.php?rest_route=\/wp\/v2\/posts\/1110\/revisions\/1112"}],"wp:featuredmedia":[{"embeddable":true,"href":"https:\/\/ilsovranista.com\/index.php?rest_route=\/wp\/v2\/media\/1111"}],"wp:attachment":[{"href":"https:\/\/ilsovranista.com\/index.php?rest_route=%2Fwp%2Fv2%2Fmedia&parent=1110"}],"wp:term":[{"taxonomy":"category","embeddable":true,"href":"https:\/\/ilsovranista.com\/index.php?rest_route=%2Fwp%2Fv2%2Fcategories&post=1110"},{"taxonomy":"post_tag","embeddable":true,"href":"https:\/\/ilsovranista.com\/index.php?rest_route=%2Fwp%2Fv2%2Ftags&post=1110"}],"curies":[{"name":"wp","href":"https:\/\/api.w.org\/{rel}","templated":true}]}}