{"id":1098,"date":"2025-01-25T16:30:45","date_gmt":"2025-01-25T15:30:45","guid":{"rendered":"https:\/\/ilsovranista.com\/?p=1098"},"modified":"2025-01-25T16:30:45","modified_gmt":"2025-01-25T15:30:45","slug":"indipendenza-approda-a-terzigno-con-lavvocato-stanziano","status":"publish","type":"post","link":"https:\/\/ilsovranista.com\/?p=1098","title":{"rendered":"Indipendenza approda a Terzigno con l&#8217;avvocato Stanziano"},"content":{"rendered":"<p>Continua, senza sosta e senza tregua, l&#8217;opera di radicamento sul territorio campano di Indipendenza, il movimento politico sovranista guidato da Gianni Alemanno che \u00e8 approdato a Terzigno, comune di oltre 17 mila abitanti della citt\u00e0 metropolitana di Napoli. Infatti nella splendida cornice del <b class=\"html-b xdj266r x11i5rnm xat24cr x1mh8g0r xexx8yu x4uap5 x18d9i69 xkhd6sd x1hl2dhg x16tdsg8 x1vvkbs\">Palazzo Auricchio Events<\/b> si \u00e8 tenuta l\u2019annunciata manifestazione organizzata dalla responsabile del movimento <strong>Indipendenza<\/strong> a Terzigno, l\u2019avv. <b class=\"html-b xdj266r x11i5rnm xat24cr x1mh8g0r xexx8yu x4uap5 x18d9i69 xkhd6sd x1hl2dhg x16tdsg8 x1vvkbs\">Emma Stanziano<\/b> con gli interventi di <b class=\"html-b xdj266r x11i5rnm xat24cr x1mh8g0r xexx8yu x4uap5 x18d9i69 xkhd6sd x1hl2dhg x16tdsg8 x1vvkbs\">Mimmo De Mattia<\/b>, coordinatore dell\u2019Area Metropolitana di Napoli e <b class=\"html-b xdj266r x11i5rnm xat24cr x1mh8g0r xexx8yu x4uap5 x18d9i69 xkhd6sd x1hl2dhg x16tdsg8 x1vvkbs\">Marcello Taglialatela<\/b>, vicesegretario nazionale. Alla presenza di un pubblico attento e interessato e di tanti dirigenti, tra gli altri <b class=\"html-b xdj266r x11i5rnm xat24cr x1mh8g0r xexx8yu x4uap5 x18d9i69 xkhd6sd x1hl2dhg x16tdsg8 x1vvkbs\">Arturo Sorrentino<\/b> e <b class=\"html-b xdj266r x11i5rnm xat24cr x1mh8g0r xexx8yu x4uap5 x18d9i69 xkhd6sd x1hl2dhg x16tdsg8 x1vvkbs\">Sergio Vitulano<\/b>, il movimento Indipendenza ufficializza la sua presenza nell\u2019importante comune dell\u2019hinterland napoletano.<\/p>\n<p>_\u201dLa citt\u00e0 di Terzigno oltre alla depressione economica comune all\u2019intero paese &#8211; ha dichiarato <b class=\"html-b xdj266r x11i5rnm xat24cr x1mh8g0r xexx8yu x4uap5 x18d9i69 xkhd6sd x1hl2dhg x16tdsg8 x1vvkbs\">Emma Stanziano<\/b> &#8211; patisce una grave carenza di di servizi: basti pensare che ancora oggi \u00e8 pressoch\u00e9 impossibile l\u2019uso di connessione internet mobile di tutti i gestori di telefonia.\u201d_. <i class=\"html-i xdj266r x11i5rnm xat24cr x1mh8g0r xexx8yu x4uap5 x18d9i69 xkhd6sd x1hl2dhg x16tdsg8 x1vvkbs\">\u201cAnche l\u2019\u2019assenza finanche di una guardia medica<\/i> &#8211; <b class=\"html-b xdj266r x11i5rnm xat24cr x1mh8g0r xexx8yu x4uap5 x18d9i69 xkhd6sd x1hl2dhg x16tdsg8 x1vvkbs\">ha denunciato Mimmo De Mattia nel suo intervento &#8211;<\/b> <i class=\"html-i xdj266r x11i5rnm xat24cr x1mh8g0r xexx8yu x4uap5 x18d9i69 xkhd6sd x1hl2dhg x16tdsg8 x1vvkbs\">\u00e8 sintomatica, con l\u2019assurda sporcizia urbana e la viabilit\u00e0 da terzo mondo, del degrado complessivo di Terzigno. Eppure i recenti ritrovamenti di reperti archeologici dimostrano che esistono le opportunit\u00e0 per un rilancio della citt\u00e0. Necessita una guida politica capace di disegnare lo sviluppo con una visionaria concretezza che superi quella subcultura amministrativa del compitino che un qualsiasi bravo ragioniere potrebbe fare al posto degli amministratori.\u201d<\/i>. Nell\u2019intervento conclusivo <b class=\"html-b xdj266r x11i5rnm xat24cr x1mh8g0r xexx8yu x4uap5 x18d9i69 xkhd6sd x1hl2dhg x16tdsg8 x1vvkbs\">Marcello Taglialatela<\/b> ha lanciato l\u2019appello perch\u00e9 <i class=\"html-i xdj266r x11i5rnm xat24cr x1mh8g0r xexx8yu x4uap5 x18d9i69 xkhd6sd x1hl2dhg x16tdsg8 x1vvkbs\">\u201dsiano i cittadini a riavvicinarsi alla politica e ad interessarsi in prima persona delle questioni delle comunit\u00e0: Indipendenza vuole essere il contenitore delle istanze della societ\u00e0 civile, di tanti giovani e tanti padri e madri di famiglia che decidono di fare un passo avanti, rinunciando a delegare alla vecchia politica e costruire il futuro delle nuove generazioni.\u201d<\/i> _\u201dCon Emma Stanziano oggi abbiamo acceso una fiaccola <b class=\"html-b xdj266r x11i5rnm xat24cr x1mh8g0r xexx8yu x4uap5 x18d9i69 xkhd6sd x1hl2dhg x16tdsg8 x1vvkbs\">&#8211; ancora Mimmo De Mattia &#8211;<\/b> e ne accenderemo altre in altri comuni: dovremo alimentarne la fiamma dell\u2019impegno civile perch\u00e9 si sviluppi l\u2019incendio di Indipendenza!\u201d_.<\/p>\n","protected":false},"excerpt":{"rendered":"<p>Continua, senza sosta e senza tregua, l&#8217;opera di radicamento sul territorio campano di Indipendenza, il movimento politico sovranista guidato da Gianni Alemanno che \u00e8 approdato a Terzigno, comune di oltre 17 mila abitanti della citt\u00e0 metropolitana di Napoli. Infatti nella splendida cornice del Palazzo Auricchio Events si \u00e8 tenuta l\u2019annunciata manifestazione organizzata dalla responsabile del [&hellip;]<\/p>\n","protected":false},"author":3,"featured_media":1099,"comment_status":"open","ping_status":"closed","sticky":false,"template":"","format":"standard","meta":{"om_disable_all_campaigns":false,"_monsterinsights_skip_tracking":false,"_monsterinsights_sitenote_active":false,"_monsterinsights_sitenote_note":"","_monsterinsights_sitenote_category":0,"_uf_show_specific_survey":0,"_uf_disable_surveys":false,"footnotes":""},"categories":[36],"tags":[],"class_list":{"0":"post-1098","1":"post","2":"type-post","3":"status-publish","4":"format-standard","5":"has-post-thumbnail","7":"category-prima-i-territori"},"aioseo_notices":[],"_links":{"self":[{"href":"https:\/\/ilsovranista.com\/index.php?rest_route=\/wp\/v2\/posts\/1098","targetHints":{"allow":["GET"]}}],"collection":[{"href":"https:\/\/ilsovranista.com\/index.php?rest_route=\/wp\/v2\/posts"}],"about":[{"href":"https:\/\/ilsovranista.com\/index.php?rest_route=\/wp\/v2\/types\/post"}],"author":[{"embeddable":true,"href":"https:\/\/ilsovranista.com\/index.php?rest_route=\/wp\/v2\/users\/3"}],"replies":[{"embeddable":true,"href":"https:\/\/ilsovranista.com\/index.php?rest_route=%2Fwp%2Fv2%2Fcomments&post=1098"}],"version-history":[{"count":1,"href":"https:\/\/ilsovranista.com\/index.php?rest_route=\/wp\/v2\/posts\/1098\/revisions"}],"predecessor-version":[{"id":1100,"href":"https:\/\/ilsovranista.com\/index.php?rest_route=\/wp\/v2\/posts\/1098\/revisions\/1100"}],"wp:featuredmedia":[{"embeddable":true,"href":"https:\/\/ilsovranista.com\/index.php?rest_route=\/wp\/v2\/media\/1099"}],"wp:attachment":[{"href":"https:\/\/ilsovranista.com\/index.php?rest_route=%2Fwp%2Fv2%2Fmedia&parent=1098"}],"wp:term":[{"taxonomy":"category","embeddable":true,"href":"https:\/\/ilsovranista.com\/index.php?rest_route=%2Fwp%2Fv2%2Fcategories&post=1098"},{"taxonomy":"post_tag","embeddable":true,"href":"https:\/\/ilsovranista.com\/index.php?rest_route=%2Fwp%2Fv2%2Ftags&post=1098"}],"curies":[{"name":"wp","href":"https:\/\/api.w.org\/{rel}","templated":true}]}}