{"id":1095,"date":"2025-01-25T16:16:31","date_gmt":"2025-01-25T15:16:31","guid":{"rendered":"https:\/\/ilsovranista.com\/?p=1095"},"modified":"2025-01-25T16:16:31","modified_gmt":"2025-01-25T15:16:31","slug":"anche-a-napoli-la-lega-in-piazza-a-sostegno-delle-forze-dellordine","status":"publish","type":"post","link":"https:\/\/ilsovranista.com\/?p=1095","title":{"rendered":"Anche a Napoli, la Lega in piazza a sostegno delle forze dell&#8217;ordine"},"content":{"rendered":"<p>\u201cInvitiamo tutti i napoletani che credono nei valori della libert\u00e0 e della democrazia, insieme alle altre forze politiche del centrodestra, a unirsi a noi per esprimere il nostro sostegno alle donne e agli uomini delle forze dell\u2019ordine\u201d.<\/p>\n<p>La <strong>Lega Napoli Capitale<\/strong> sar\u00e0 presente domani, sabato 25 gennaio in via Scarlatti al Vomero e domenica 26 gennaio in Largo Santa Caterina a Chiaia, oltre che ai banchetti situati davanti alle sedi di Piazza della Libert\u00e0 (sabato) e Pianura (domenica, via Montagna Spaccata 371), dalle ore 10:00 alle 13:00.<\/p>\n<p>\u201cScenderemo in piazza per raccogliere firme a sostegno delle forze dell\u2019ordine, precisano <strong>Enzo Rivellini<\/strong>, coordinatore cittadino della Lega e <strong>Emanuele Papa<\/strong>, coordinatore della Lega Giovani,\u00a0 che ogni giorno affrontano il loro lavoro con grande sacrificio e professionalit\u00e0, nonostante le crescenti difficolt\u00e0 e gli attacchi sempre pi\u00f9 frequenti da parte di facinorosi, criminali e intellettuali \u201cradical chic\u201d, che sembrano dimenticare il valore fondamentale della legge e dell\u2019ordine.<\/p>\n","protected":false},"excerpt":{"rendered":"<p>\u201cInvitiamo tutti i napoletani che credono nei valori della libert\u00e0 e della democrazia, insieme alle altre forze politiche del centrodestra, a unirsi a noi per esprimere il nostro sostegno alle donne e agli uomini delle forze dell\u2019ordine\u201d. La Lega Napoli Capitale sar\u00e0 presente domani, sabato 25 gennaio in via Scarlatti al Vomero e domenica 26 [&hellip;]<\/p>\n","protected":false},"author":3,"featured_media":1096,"comment_status":"open","ping_status":"closed","sticky":false,"template":"","format":"standard","meta":{"om_disable_all_campaigns":false,"_monsterinsights_skip_tracking":false,"_monsterinsights_sitenote_active":false,"_monsterinsights_sitenote_note":"","_monsterinsights_sitenote_category":0,"_uf_show_specific_survey":0,"_uf_disable_surveys":false,"footnotes":""},"categories":[33],"tags":[108,102,44,104,107],"class_list":{"0":"post-1095","1":"post","2":"type-post","3":"status-publish","4":"format-standard","5":"has-post-thumbnail","7":"category-politica","8":"tag-emanuelepapa","9":"tag-forzedellordine","10":"tag-lega","11":"tag-raccoltafirme","12":"tag-rivellini"},"aioseo_notices":[],"_links":{"self":[{"href":"https:\/\/ilsovranista.com\/index.php?rest_route=\/wp\/v2\/posts\/1095","targetHints":{"allow":["GET"]}}],"collection":[{"href":"https:\/\/ilsovranista.com\/index.php?rest_route=\/wp\/v2\/posts"}],"about":[{"href":"https:\/\/ilsovranista.com\/index.php?rest_route=\/wp\/v2\/types\/post"}],"author":[{"embeddable":true,"href":"https:\/\/ilsovranista.com\/index.php?rest_route=\/wp\/v2\/users\/3"}],"replies":[{"embeddable":true,"href":"https:\/\/ilsovranista.com\/index.php?rest_route=%2Fwp%2Fv2%2Fcomments&post=1095"}],"version-history":[{"count":1,"href":"https:\/\/ilsovranista.com\/index.php?rest_route=\/wp\/v2\/posts\/1095\/revisions"}],"predecessor-version":[{"id":1097,"href":"https:\/\/ilsovranista.com\/index.php?rest_route=\/wp\/v2\/posts\/1095\/revisions\/1097"}],"wp:featuredmedia":[{"embeddable":true,"href":"https:\/\/ilsovranista.com\/index.php?rest_route=\/wp\/v2\/media\/1096"}],"wp:attachment":[{"href":"https:\/\/ilsovranista.com\/index.php?rest_route=%2Fwp%2Fv2%2Fmedia&parent=1095"}],"wp:term":[{"taxonomy":"category","embeddable":true,"href":"https:\/\/ilsovranista.com\/index.php?rest_route=%2Fwp%2Fv2%2Fcategories&post=1095"},{"taxonomy":"post_tag","embeddable":true,"href":"https:\/\/ilsovranista.com\/index.php?rest_route=%2Fwp%2Fv2%2Ftags&post=1095"}],"curies":[{"name":"wp","href":"https:\/\/api.w.org\/{rel}","templated":true}]}}