{"id":1069,"date":"2025-01-24T05:15:42","date_gmt":"2025-01-24T04:15:42","guid":{"rendered":"https:\/\/ilsovranista.com\/?p=1069"},"modified":"2025-01-24T05:15:42","modified_gmt":"2025-01-24T04:15:42","slug":"insulti-alla-segre-cirielli-fdi-reprimere-ogni-forma-di-antisemitismo","status":"publish","type":"post","link":"https:\/\/ilsovranista.com\/?p=1069","title":{"rendered":"Insulti alla Segre, Cirielli (Fdi): reprimere ogni forma di antisemitismo"},"content":{"rendered":"<p>&#8220;Le intimidazioni sui social network alla Senatrice a Vita, <strong>Liliana Segre<\/strong>, che non risparmiano neanche i cinema che stanno proiettando il documentario sulla sua vita, devono destare profondo allarme e sconcerto. \u00c8 necessario, oggi ancora di pi\u00f9, intervenire, con determinazione, per isolare e reprimere ogni forma di antisemitismo punendo adeguatamente questi ignobili razzisti&#8221;.<\/p>\n<p>Lo ha affermato\u00a0<strong>Edmondo Cirielli,\u00a0<\/strong>vice ministro degli Affari Esteri ed esponente di spicco di\u00a0<strong>Fratelli d&#8217;Italia\u00a0<\/strong>precisando: &#8220;auspico che tutte le istituzioni, dal centro alla periferia, attivino ancor di pi\u00f9 azioni culturali immateriali per trasformare la memoria collettiva in responsabilit\u00e0 collettiva. Giunga alla Senatrice Segre, la mia sincera e affettuosa solidariet\u00e0&#8221;.<\/p>\n<div id=\"lavoc-668110635\" class=\"lavoc-contenuto lavoc-target\" data-lavoc-trackid=\"259144\" data-lavoc-trackbid=\"1\"><\/div>\n","protected":false},"excerpt":{"rendered":"<p>&#8220;Le intimidazioni sui social network alla Senatrice a Vita, Liliana Segre, che non risparmiano neanche i cinema che stanno proiettando il documentario sulla sua vita, devono destare profondo allarme e sconcerto. \u00c8 necessario, oggi ancora di pi\u00f9, intervenire, con determinazione, per isolare e reprimere ogni forma di antisemitismo punendo adeguatamente questi ignobili razzisti&#8221;. Lo ha [&hellip;]<\/p>\n","protected":false},"author":3,"featured_media":1070,"comment_status":"open","ping_status":"closed","sticky":false,"template":"","format":"standard","meta":{"om_disable_all_campaigns":false,"_monsterinsights_skip_tracking":false,"_monsterinsights_sitenote_active":false,"_monsterinsights_sitenote_note":"","_monsterinsights_sitenote_category":0,"_uf_show_specific_survey":0,"_uf_disable_surveys":false,"footnotes":""},"categories":[33],"tags":[83,82,81],"class_list":{"0":"post-1069","1":"post","2":"type-post","3":"status-publish","4":"format-standard","5":"has-post-thumbnail","7":"category-politica","8":"tag-edmodocirielli-fratelliditalia","9":"tag-insulti-antisemitismo","10":"tag-segre"},"aioseo_notices":[],"_links":{"self":[{"href":"https:\/\/ilsovranista.com\/index.php?rest_route=\/wp\/v2\/posts\/1069","targetHints":{"allow":["GET"]}}],"collection":[{"href":"https:\/\/ilsovranista.com\/index.php?rest_route=\/wp\/v2\/posts"}],"about":[{"href":"https:\/\/ilsovranista.com\/index.php?rest_route=\/wp\/v2\/types\/post"}],"author":[{"embeddable":true,"href":"https:\/\/ilsovranista.com\/index.php?rest_route=\/wp\/v2\/users\/3"}],"replies":[{"embeddable":true,"href":"https:\/\/ilsovranista.com\/index.php?rest_route=%2Fwp%2Fv2%2Fcomments&post=1069"}],"version-history":[{"count":1,"href":"https:\/\/ilsovranista.com\/index.php?rest_route=\/wp\/v2\/posts\/1069\/revisions"}],"predecessor-version":[{"id":1071,"href":"https:\/\/ilsovranista.com\/index.php?rest_route=\/wp\/v2\/posts\/1069\/revisions\/1071"}],"wp:featuredmedia":[{"embeddable":true,"href":"https:\/\/ilsovranista.com\/index.php?rest_route=\/wp\/v2\/media\/1070"}],"wp:attachment":[{"href":"https:\/\/ilsovranista.com\/index.php?rest_route=%2Fwp%2Fv2%2Fmedia&parent=1069"}],"wp:term":[{"taxonomy":"category","embeddable":true,"href":"https:\/\/ilsovranista.com\/index.php?rest_route=%2Fwp%2Fv2%2Fcategories&post=1069"},{"taxonomy":"post_tag","embeddable":true,"href":"https:\/\/ilsovranista.com\/index.php?rest_route=%2Fwp%2Fv2%2Ftags&post=1069"}],"curies":[{"name":"wp","href":"https:\/\/api.w.org\/{rel}","templated":true}]}}