{"id":1058,"date":"2025-01-23T19:51:55","date_gmt":"2025-01-23T18:51:55","guid":{"rendered":"https:\/\/ilsovranista.com\/?p=1058"},"modified":"2025-01-23T19:51:55","modified_gmt":"2025-01-23T18:51:55","slug":"caso-santanche-cara-premier-attenta-a-non-cedere-al-giustizialismo","status":"publish","type":"post","link":"https:\/\/ilsovranista.com\/?p=1058","title":{"rendered":"Caso Santanch\u00e9, Cara premier, attenta a non cedere al giustizialismo&#8230;"},"content":{"rendered":"<p>di <strong>Tiziana Maiolo<\/strong> (Fonte <strong>Il Dubbio<\/strong>)<\/p>\n<p>&nbsp;<\/p>\n<p>La logica del \u201cio sono garantista, per\u00f2\u2026\u201d pare proprio immortale. Anche perch\u00e9 il mondo politico \u00e8 ormai come quello della salute: non fai la ricerca sul cancro finch\u00e9 non hai un malato oncologico in famiglia, e cos\u00ec non ti accorgi dei tanti \u201ccasi Tortora\u201d che coinvolgono uomini e donne di governo o amministratori, finch\u00e9 non capita nel tuo partito. Cos\u00ec, mentre appassiona la discussione sul rinvio a giudizio di\u00a0<strong>Daniela Santanch\u00e8<\/strong>, si apre uno squarcio di diretta tv sul Senato, dove\u00a0<strong>Matteo Renzi<\/strong>\u00a0che esibisce con orgoglio sul bavero della giacca la coccarda del garantismo, con altrettanta sicumera informa che lui dir\u00e0 sempre che il sottosegretario Andrea Delmastro \u201c\u00e8 un condannato\u201d. Sarcasmo? Ma non c\u2019\u00e8 scampo, la tiritera va avanti da trent\u2019anni.<\/p>\n<p>Dobbiamo ringraziare la rivoluzione politica del procuratore\u00a0<strong>Saverio Borrelli,<\/strong>\u00a0cio\u00e8 di colui che poi si pent\u00ec perch\u00e9 sulle macerie di quel che lui aveva distrutto si accomod\u00f2 per volere popolare Silvio Berlusconi? Oppure\u00a0<strong>Tonino Di Pietro<\/strong>, quello che faceva sognare quando esibiva le manette ma che oggi, non pi\u00f9 magistrato, prende le distanze dagli ex colleghi e con inaspettata saggezza si pronuncia a favore della separazione tra chi accusa e chi giudica?<\/p>\n<p>Troppo facile andare a strappare le toghe e graffiare le facce antipatiche di qualche magistrato. La responsabilit\u00e0 \u00e8 politica, prima di tutto. Sono stati gli antenati del Pd a scoprire come cacciare un ministro, in quel caso della loro stessa maggioranza,\u00a0<strong>Filippo Mancuso<\/strong>, con la mozione di sfiducia individuale.<\/p>\n<p>E sono poi stati tutti, o quasi, gli altri a chiedere le dimissioni degli avversari politici sfiorati dalle mani della magistratura. Sempre affermando che il motivo della mozione non era l\u2019inchiesta giudiziaria ma i \u201cmotivi di opportunit\u00e0\u201d, che comunque da quell\u2019inchiesta nascevano. E lasciamo perdere la faccia di bronzo di quelli del\u00a0<strong>Movimento Cinque Stelle<\/strong>\u00a0che hanno mandato in Parlamento l\u2019ex sindaco\u00a0<strong>Chiara Appendino<\/strong>, oggi condannata in via definitiva, anche se per una discutibile responsabilit\u00e0 oggettiva, senza battere ciglio. Immemori dei giorni in cui, capitanati da\u00a0<strong>Luigi Di Maio<\/strong>, urlavano contro \u201cil Parlamento degli inquisiti\u201d. Riflettano bene Giorgia Meloni e gli altri esponenti di governo, prima di chiedere le dimissioni del ministro Daniela Santanch\u00e9.<\/p>\n<p>Cerchino di non dimenticare le pene inflitte anche da loro in Parlamento, quando erano all\u2019opposizione, persino a una come Maria Elena Boschi per vicende neppure personali ma familiari poi terminate con archiviazioni. E ascoltino quello che, anche per ferite ancora portate sul suo corpo, pare oggi il pi\u00f9 saggio. Il deputato europeo di Fratelli d\u2019Italia\u00a0<strong>Mario Mantovani,<\/strong>\u00a0sbattuto in galera e tenuto a bagnomaria per sei anni prima della completa assoluzione. Lo ascoltino, e siano prudenti. Perch\u00e9 le carezze della magistratura sui politici sono proprio come le brutte malattie. Non le noti sugli altri e magari li tratti come appestati. Ma quando capitano a te o ai suoi cari, allora si, che bruciano.<\/p>\n","protected":false},"excerpt":{"rendered":"<p>di Tiziana Maiolo (Fonte Il Dubbio) &nbsp; La logica del \u201cio sono garantista, per\u00f2\u2026\u201d pare proprio immortale. Anche perch\u00e9 il mondo politico \u00e8 ormai come quello della salute: non fai la ricerca sul cancro finch\u00e9 non hai un malato oncologico in famiglia, e cos\u00ec non ti accorgi dei tanti \u201ccasi Tortora\u201d che coinvolgono uomini e [&hellip;]<\/p>\n","protected":false},"author":3,"featured_media":1059,"comment_status":"open","ping_status":"closed","sticky":false,"template":"","format":"standard","meta":{"om_disable_all_campaigns":false,"_monsterinsights_skip_tracking":false,"_monsterinsights_sitenote_active":false,"_monsterinsights_sitenote_note":"","_monsterinsights_sitenote_category":0,"_uf_show_specific_survey":0,"_uf_disable_surveys":false,"footnotes":""},"categories":[33],"tags":[73,74,76,72,75],"class_list":{"0":"post-1058","1":"post","2":"type-post","3":"status-publish","4":"format-standard","5":"has-post-thumbnail","7":"category-politica","8":"tag-dimissioni-garantismo","9":"tag-giorgiameloni","10":"tag-ildubbio","11":"tag-santanche","12":"tag-tizianamaiolo"},"aioseo_notices":[],"_links":{"self":[{"href":"https:\/\/ilsovranista.com\/index.php?rest_route=\/wp\/v2\/posts\/1058","targetHints":{"allow":["GET"]}}],"collection":[{"href":"https:\/\/ilsovranista.com\/index.php?rest_route=\/wp\/v2\/posts"}],"about":[{"href":"https:\/\/ilsovranista.com\/index.php?rest_route=\/wp\/v2\/types\/post"}],"author":[{"embeddable":true,"href":"https:\/\/ilsovranista.com\/index.php?rest_route=\/wp\/v2\/users\/3"}],"replies":[{"embeddable":true,"href":"https:\/\/ilsovranista.com\/index.php?rest_route=%2Fwp%2Fv2%2Fcomments&post=1058"}],"version-history":[{"count":1,"href":"https:\/\/ilsovranista.com\/index.php?rest_route=\/wp\/v2\/posts\/1058\/revisions"}],"predecessor-version":[{"id":1060,"href":"https:\/\/ilsovranista.com\/index.php?rest_route=\/wp\/v2\/posts\/1058\/revisions\/1060"}],"wp:featuredmedia":[{"embeddable":true,"href":"https:\/\/ilsovranista.com\/index.php?rest_route=\/wp\/v2\/media\/1059"}],"wp:attachment":[{"href":"https:\/\/ilsovranista.com\/index.php?rest_route=%2Fwp%2Fv2%2Fmedia&parent=1058"}],"wp:term":[{"taxonomy":"category","embeddable":true,"href":"https:\/\/ilsovranista.com\/index.php?rest_route=%2Fwp%2Fv2%2Fcategories&post=1058"},{"taxonomy":"post_tag","embeddable":true,"href":"https:\/\/ilsovranista.com\/index.php?rest_route=%2Fwp%2Fv2%2Ftags&post=1058"}],"curies":[{"name":"wp","href":"https:\/\/api.w.org\/{rel}","templated":true}]}}