{"id":1040,"date":"2025-01-23T11:02:32","date_gmt":"2025-01-23T10:02:32","guid":{"rendered":"https:\/\/ilsovranista.com\/?p=1040"},"modified":"2025-01-23T11:02:32","modified_gmt":"2025-01-23T10:02:32","slug":"agricoltura-mattia-fdi-i-dati-istat-confermano-il-buon-lavoro-del-governo-meloni","status":"publish","type":"post","link":"https:\/\/ilsovranista.com\/?p=1040","title":{"rendered":"Agricoltura, Mattia (Fdi): i dati Istat confermano il buon lavoro del governo Meloni"},"content":{"rendered":"<p>L\u2019attenzione data dal Governo <strong>Meloni<\/strong> al comparto agricolo, attraverso investimenti importanti, mai registrati in passato, e politiche finalizzate ad un suo rilancio, ora \u00e8 certificata anche dall\u2019Istat che rileva come l\u2019agricoltura italiana \u00e8 prima per valore aggiunto in Ue\u201d. E\u2019 quanto fa sapere\u00a0<strong>Aldo Mattia<\/strong>, deputato nonche&#8217; responsabile del Dipartimento Agricoltura di <strong>Fratelli<\/strong> <strong>d\u2019Italia<\/strong>.<\/p>\n<p style=\"text-align: left;\">\u201cSi tratta, insiste Mattia,a\u2077 come ben ricordato dalla premier Meloni, di un risultato storico che deve rendere orgogliosi tutti gli italiani, e soprattutto i tanti giovani imprenditori che sono tornati ad investire. E\u2019 anche grazie alla loro determinazione se il governo, attraverso l\u2019infaticabile impegno del ministro Lollobrigida,\u00a0 \u00e8 riuscito ad ottenere questo risultato. Di una cosa siamo certi, il lavoro dovr\u00e0 andare avanti,anche perch\u00e8 la strada intrapresa \u00e8 quella giusta\u201d<\/p>\n","protected":false},"excerpt":{"rendered":"<p>L\u2019attenzione data dal Governo Meloni al comparto agricolo, attraverso investimenti importanti, mai registrati in passato, e politiche finalizzate ad un suo rilancio, ora \u00e8 certificata anche dall\u2019Istat che rileva come l\u2019agricoltura italiana \u00e8 prima per valore aggiunto in Ue\u201d. E\u2019 quanto fa sapere\u00a0Aldo Mattia, deputato nonche&#8217; responsabile del Dipartimento Agricoltura di Fratelli d\u2019Italia. \u201cSi tratta, [&hellip;]<\/p>\n","protected":false},"author":3,"featured_media":1041,"comment_status":"open","ping_status":"closed","sticky":false,"template":"","format":"standard","meta":{"om_disable_all_campaigns":false,"_monsterinsights_skip_tracking":false,"_monsterinsights_sitenote_active":false,"_monsterinsights_sitenote_note":"","_monsterinsights_sitenote_category":0,"_uf_show_specific_survey":0,"_uf_disable_surveys":false,"footnotes":""},"categories":[33],"tags":[45,61,47,60],"class_list":{"0":"post-1040","1":"post","2":"type-post","3":"status-publish","4":"format-standard","5":"has-post-thumbnail","7":"category-politica","8":"tag-agricoltura","9":"tag-aldomattia","10":"tag-fratelliditalia","11":"tag-istat"},"aioseo_notices":[],"_links":{"self":[{"href":"https:\/\/ilsovranista.com\/index.php?rest_route=\/wp\/v2\/posts\/1040","targetHints":{"allow":["GET"]}}],"collection":[{"href":"https:\/\/ilsovranista.com\/index.php?rest_route=\/wp\/v2\/posts"}],"about":[{"href":"https:\/\/ilsovranista.com\/index.php?rest_route=\/wp\/v2\/types\/post"}],"author":[{"embeddable":true,"href":"https:\/\/ilsovranista.com\/index.php?rest_route=\/wp\/v2\/users\/3"}],"replies":[{"embeddable":true,"href":"https:\/\/ilsovranista.com\/index.php?rest_route=%2Fwp%2Fv2%2Fcomments&post=1040"}],"version-history":[{"count":1,"href":"https:\/\/ilsovranista.com\/index.php?rest_route=\/wp\/v2\/posts\/1040\/revisions"}],"predecessor-version":[{"id":1042,"href":"https:\/\/ilsovranista.com\/index.php?rest_route=\/wp\/v2\/posts\/1040\/revisions\/1042"}],"wp:featuredmedia":[{"embeddable":true,"href":"https:\/\/ilsovranista.com\/index.php?rest_route=\/wp\/v2\/media\/1041"}],"wp:attachment":[{"href":"https:\/\/ilsovranista.com\/index.php?rest_route=%2Fwp%2Fv2%2Fmedia&parent=1040"}],"wp:term":[{"taxonomy":"category","embeddable":true,"href":"https:\/\/ilsovranista.com\/index.php?rest_route=%2Fwp%2Fv2%2Fcategories&post=1040"},{"taxonomy":"post_tag","embeddable":true,"href":"https:\/\/ilsovranista.com\/index.php?rest_route=%2Fwp%2Fv2%2Ftags&post=1040"}],"curies":[{"name":"wp","href":"https:\/\/api.w.org\/{rel}","templated":true}]}}