{"id":1033,"date":"2025-01-23T08:09:59","date_gmt":"2025-01-23T07:09:59","guid":{"rendered":"https:\/\/ilsovranista.com\/?p=1033"},"modified":"2025-01-23T08:09:59","modified_gmt":"2025-01-23T07:09:59","slug":"movidaronghi-sud-protagonista-delocalizzare-al-centro-direzionale","status":"publish","type":"post","link":"https:\/\/ilsovranista.com\/?p=1033","title":{"rendered":"Movida,Ronghi (Sud Protagonista): delocalizzare al Centro Direzionale"},"content":{"rendered":"<p class=\"yiv8004475049MsoNormal\">Alla luce della sentenza e della iniziativa popolare avviata dal Consigliere Gennaro Esposito, \u00a0che ha condannato il Comune di Napoli a pagare 230 mila a favore di una decina di cittadini residenti danneggiati dall\u2019inquinamento acustico provocato dalla movida, il Sindaco di Napoli, prima angora di pensare al ricorso legale, \u00a0deve correre ai ripari per non rischiare di finire in \u2018bancarotta\u2019 per ulteriori possibili ricorsi da parte dei cittadini e deve farlo attraverso interventi strutturali e decisi: in primis la delocalizzazione della movida nell\u2019area non residenziale del Centro Direzionale\u201d.<\/p>\n<p class=\"yiv8004475049MsoNormal\">E\u2019 quanto ha dichiarato il Presidente di \u201cSud Protagonista\u201d,\u00a0<b>Salvatore Ronghi<\/b>, nel corso della conferenza stampa, tenuta, stamani, insieme con la consigliera regionale Maria Muscar\u00e0, con Antonio Pariante che segue molto da vicino i disagi del centro storico e del Segretario di SP, Pierro Funaro, sul futuro del Centro Direzionale di Napoli.<\/p>\n<p class=\"yiv8004475049MsoNormal\">\u201cLa strada, che il Comune vorrebbe intraprendere, dopo l&#8217;iniziativa avviata egregiamente dall&#8217;Avv, Gennaro Esposito, \u00a0del dialogo tra residenti e gestori dei locali per trovare un\u2019intesa su un problema che, da molti anni, \u00e8 sfuggito al controllo, soprattutto nel Centro Storico e a Chiaia, ed, oggi, \u00e8 esploso in tutta la sua urgenza, \u00e8 destinata ad essere inutile \u2013 ha sottolineato Ronghi &#8211; , se non si adottano misure incisive ed improntate su un totale cambio di visione della strategia per la vivibilit\u00e0 e lo sviluppo turistico della citt\u00e0. In tale ottica \u2013 ha aggiunto Ronghi &#8211; il Centro Direzionale, sito al di fuori delle aree pi\u00f9 congestionate della citt\u00e0, ben collegato al resto del territorio grazie alla tangenziale e agli altri assi viari e alla metropolitana 1, dotato di un\u2019ampia area di superficie pedonale e di parcheggi, ha tutte le carte in regola per essere la vera alternativa per la movida giovanile e per il tempo libero per adulti e per le loro famiglie\u201d. Anzich\u00e9 appoggiare De Luca nel suo scellerato progetto di svuotamento del Centro Direzionale \u2013 ha concluso Ronghi &#8211; , il Sindaco Manfredi punti sulla sua valorizzazione e rilancio anche nell\u2019ottica di \u00a0nuovo luogo per la movida e per prevenire l\u2019ulteriore indebitamento del Comune\u201d.<\/p>\n","protected":false},"excerpt":{"rendered":"<p>Alla luce della sentenza e della iniziativa popolare avviata dal Consigliere Gennaro Esposito, \u00a0che ha condannato il Comune di Napoli a pagare 230 mila a favore di una decina di cittadini residenti danneggiati dall\u2019inquinamento acustico provocato dalla movida, il Sindaco di Napoli, prima angora di pensare al ricorso legale, \u00a0deve correre ai ripari per non [&hellip;]<\/p>\n","protected":false},"author":3,"featured_media":1034,"comment_status":"open","ping_status":"closed","sticky":false,"template":"","format":"standard","meta":{"om_disable_all_campaigns":false,"_monsterinsights_skip_tracking":false,"_monsterinsights_sitenote_active":false,"_monsterinsights_sitenote_note":"","_monsterinsights_sitenote_category":0,"_uf_show_specific_survey":0,"_uf_disable_surveys":false,"footnotes":""},"categories":[36],"tags":[53,52,54,55],"class_list":{"0":"post-1033","1":"post","2":"type-post","3":"status-publish","4":"format-standard","5":"has-post-thumbnail","7":"category-prima-i-territori","8":"tag-centrodirezionale","9":"tag-movida","10":"tag-salvatireronghi","11":"tag-sudprotagonista"},"aioseo_notices":[],"_links":{"self":[{"href":"https:\/\/ilsovranista.com\/index.php?rest_route=\/wp\/v2\/posts\/1033","targetHints":{"allow":["GET"]}}],"collection":[{"href":"https:\/\/ilsovranista.com\/index.php?rest_route=\/wp\/v2\/posts"}],"about":[{"href":"https:\/\/ilsovranista.com\/index.php?rest_route=\/wp\/v2\/types\/post"}],"author":[{"embeddable":true,"href":"https:\/\/ilsovranista.com\/index.php?rest_route=\/wp\/v2\/users\/3"}],"replies":[{"embeddable":true,"href":"https:\/\/ilsovranista.com\/index.php?rest_route=%2Fwp%2Fv2%2Fcomments&post=1033"}],"version-history":[{"count":1,"href":"https:\/\/ilsovranista.com\/index.php?rest_route=\/wp\/v2\/posts\/1033\/revisions"}],"predecessor-version":[{"id":1035,"href":"https:\/\/ilsovranista.com\/index.php?rest_route=\/wp\/v2\/posts\/1033\/revisions\/1035"}],"wp:featuredmedia":[{"embeddable":true,"href":"https:\/\/ilsovranista.com\/index.php?rest_route=\/wp\/v2\/media\/1034"}],"wp:attachment":[{"href":"https:\/\/ilsovranista.com\/index.php?rest_route=%2Fwp%2Fv2%2Fmedia&parent=1033"}],"wp:term":[{"taxonomy":"category","embeddable":true,"href":"https:\/\/ilsovranista.com\/index.php?rest_route=%2Fwp%2Fv2%2Fcategories&post=1033"},{"taxonomy":"post_tag","embeddable":true,"href":"https:\/\/ilsovranista.com\/index.php?rest_route=%2Fwp%2Fv2%2Ftags&post=1033"}],"curies":[{"name":"wp","href":"https:\/\/api.w.org\/{rel}","templated":true}]}}