{"id":1025,"date":"2025-01-23T05:45:55","date_gmt":"2025-01-23T04:45:55","guid":{"rendered":"https:\/\/ilsovranista.com\/?p=1025"},"modified":"2025-01-23T05:46:23","modified_gmt":"2025-01-23T04:46:23","slug":"lavoro-volpi-fdi-pd-ridotto-a-fare-il-sindacato-della-cg","status":"publish","type":"post","link":"https:\/\/ilsovranista.com\/?p=1025","title":{"rendered":"Lavoro, Volpi (FdI): PD ridotto a fare il sindacato della Cgil"},"content":{"rendered":"<p>&#8220;Criticare con tanta convinzione la legge sulla partecipazione dei lavoratori alla gestione delle imprese non rende giustizia al Partito Democratico che ormai sembra essere ridotto al ruolo di sindacato della Cgil. Gli stessi che sostengono i numerosi scioperi di chi minaccia la rivolta sociale, quando si trovano davanti a una legge che potrebbe rivoluzionare l\u2019intero comparto produttivo si dimenticano dei lavoratori e non fanno altro che creare confusione su un provvedimento chiaro e innovativo. Quella che si sta discutendo in commissione \u00e8 una legge epocale che d\u00e0 finalmente piena attuazione all\u2019articolo 46 della Costituzione cambiando completamente il paradigma sul quale fino ad oggi si \u00e8 basato il mondo del lavoro. Forse \u00e8 proprio questo cambiamento, che consentir\u00e0 ai lavoratori di essere protagonisti nella gestione aziendale, a preoccupare il Partito Democratico che rischia di non poter pi\u00f9 garantire a Landini &amp; Co. il mantenimento dello status quo. Piuttosto direi ai colleghi del Partito Democratico di risparmiare le energie per occuparsi del referendum abrogativo sul Jobs Act nel quale dovranno svolgere il delicato compito di rappresentare al contempo l\u2019accusa e la difesa\u201d.<\/p>\n<p>Cos\u00ec in una nota <strong>Andrea Volpi<\/strong>, deputato di\u00a0<strong>Fratelli d&#8217;Italia<\/strong>\u00a0componente della Commissione Lavoro Pubblico e Privato.<\/p>\n","protected":false},"excerpt":{"rendered":"<p>&#8220;Criticare con tanta convinzione la legge sulla partecipazione dei lavoratori alla gestione delle imprese non rende giustizia al Partito Democratico che ormai sembra essere ridotto al ruolo di sindacato della Cgil. Gli stessi che sostengono i numerosi scioperi di chi minaccia la rivolta sociale, quando si trovano davanti a una legge che potrebbe rivoluzionare l\u2019intero [&hellip;]<\/p>\n","protected":false},"author":3,"featured_media":1026,"comment_status":"open","ping_status":"closed","sticky":false,"template":"","format":"standard","meta":{"om_disable_all_campaigns":false,"_monsterinsights_skip_tracking":false,"_monsterinsights_sitenote_active":false,"_monsterinsights_sitenote_note":"","_monsterinsights_sitenote_category":0,"_uf_show_specific_survey":0,"_uf_disable_surveys":false,"footnotes":""},"categories":[33],"tags":[51,50,47,48,49],"class_list":{"0":"post-1025","1":"post","2":"type-post","3":"status-publish","4":"format-standard","5":"has-post-thumbnail","7":"category-politica","8":"tag-andreavolpi","9":"tag-cgil","10":"tag-fratelliditalia","11":"tag-lavoro","12":"tag-partitodemocratico"},"aioseo_notices":[],"_links":{"self":[{"href":"https:\/\/ilsovranista.com\/index.php?rest_route=\/wp\/v2\/posts\/1025","targetHints":{"allow":["GET"]}}],"collection":[{"href":"https:\/\/ilsovranista.com\/index.php?rest_route=\/wp\/v2\/posts"}],"about":[{"href":"https:\/\/ilsovranista.com\/index.php?rest_route=\/wp\/v2\/types\/post"}],"author":[{"embeddable":true,"href":"https:\/\/ilsovranista.com\/index.php?rest_route=\/wp\/v2\/users\/3"}],"replies":[{"embeddable":true,"href":"https:\/\/ilsovranista.com\/index.php?rest_route=%2Fwp%2Fv2%2Fcomments&post=1025"}],"version-history":[{"count":2,"href":"https:\/\/ilsovranista.com\/index.php?rest_route=\/wp\/v2\/posts\/1025\/revisions"}],"predecessor-version":[{"id":1028,"href":"https:\/\/ilsovranista.com\/index.php?rest_route=\/wp\/v2\/posts\/1025\/revisions\/1028"}],"wp:featuredmedia":[{"embeddable":true,"href":"https:\/\/ilsovranista.com\/index.php?rest_route=\/wp\/v2\/media\/1026"}],"wp:attachment":[{"href":"https:\/\/ilsovranista.com\/index.php?rest_route=%2Fwp%2Fv2%2Fmedia&parent=1025"}],"wp:term":[{"taxonomy":"category","embeddable":true,"href":"https:\/\/ilsovranista.com\/index.php?rest_route=%2Fwp%2Fv2%2Fcategories&post=1025"},{"taxonomy":"post_tag","embeddable":true,"href":"https:\/\/ilsovranista.com\/index.php?rest_route=%2Fwp%2Fv2%2Ftags&post=1025"}],"curies":[{"name":"wp","href":"https:\/\/api.w.org\/{rel}","templated":true}]}}