{"id":1020,"date":"2025-01-23T05:38:58","date_gmt":"2025-01-23T04:38:58","guid":{"rendered":"https:\/\/ilsovranista.com\/?p=1020"},"modified":"2025-01-23T05:51:15","modified_gmt":"2025-01-23T04:51:15","slug":"asl-na1-nappi-lega-in-campania-bisogna-sempre-chiedere-perche-sia-garantito-il-diritto-alla-salute","status":"publish","type":"post","link":"https:\/\/ilsovranista.com\/?p=1020","title":{"rendered":"Asl Na1, Nappi (Lega): in Campania bisogna sempre chiedere perch\u00e9 sia garantito il diritto alla salute?"},"content":{"rendered":"<div>&#8220;\u00c8 mai possibile che in Campania bisogna sempre chiedere, vigilare e contestare scelte ingiustificate perch\u00e9 sia garantito il diritto alla salute? Si \u00e8 resa necessaria la mia nota inviata ai vertici dell\u2019Asl Na1 per far revocare lo stop ai ricoveri programmati, e mettere fine a una iniziativa che, come poi si \u00e8 rivelato, poteva e doveva essere evitata, perch\u00e9 intrapresa senza che vi fosse reale necessit\u00e0 e frutto soltanto di incapacit\u00e0 gestionale e organizzativa. Non potevano pensarci da soli prima di arrecare tanti danni e disagi all\u2019utenza?&#8221;.<\/div>\n<div>Lo afferma <strong>Severino Nappi,<\/strong> capogruppo della <strong>Lega<\/strong> nel Consiglio regionale della Campania.<\/div>\n<div><\/div>\n","protected":false},"excerpt":{"rendered":"<p>&#8220;\u00c8 mai possibile che in Campania bisogna sempre chiedere, vigilare e contestare scelte ingiustificate perch\u00e9 sia garantito il diritto alla salute? Si \u00e8 resa necessaria la mia nota inviata ai vertici dell\u2019Asl Na1 per far revocare lo stop ai ricoveri programmati, e mettere fine a una iniziativa che, come poi si \u00e8 rivelato, poteva e [&hellip;]<\/p>\n","protected":false},"author":3,"featured_media":831,"comment_status":"open","ping_status":"closed","sticky":false,"template":"","format":"standard","meta":{"om_disable_all_campaigns":false,"_monsterinsights_skip_tracking":false,"_monsterinsights_sitenote_active":false,"_monsterinsights_sitenote_note":"","_monsterinsights_sitenote_category":0,"_uf_show_specific_survey":0,"_uf_disable_surveys":false,"footnotes":""},"categories":[36],"tags":[42,44,43],"class_list":{"0":"post-1020","1":"post","2":"type-post","3":"status-publish","4":"format-standard","5":"has-post-thumbnail","7":"category-prima-i-territori","8":"tag-aslna1","9":"tag-lega","10":"tag-severinonappi"},"aioseo_notices":[],"_links":{"self":[{"href":"https:\/\/ilsovranista.com\/index.php?rest_route=\/wp\/v2\/posts\/1020","targetHints":{"allow":["GET"]}}],"collection":[{"href":"https:\/\/ilsovranista.com\/index.php?rest_route=\/wp\/v2\/posts"}],"about":[{"href":"https:\/\/ilsovranista.com\/index.php?rest_route=\/wp\/v2\/types\/post"}],"author":[{"embeddable":true,"href":"https:\/\/ilsovranista.com\/index.php?rest_route=\/wp\/v2\/users\/3"}],"replies":[{"embeddable":true,"href":"https:\/\/ilsovranista.com\/index.php?rest_route=%2Fwp%2Fv2%2Fcomments&post=1020"}],"version-history":[{"count":1,"href":"https:\/\/ilsovranista.com\/index.php?rest_route=\/wp\/v2\/posts\/1020\/revisions"}],"predecessor-version":[{"id":1021,"href":"https:\/\/ilsovranista.com\/index.php?rest_route=\/wp\/v2\/posts\/1020\/revisions\/1021"}],"wp:featuredmedia":[{"embeddable":true,"href":"https:\/\/ilsovranista.com\/index.php?rest_route=\/wp\/v2\/media\/831"}],"wp:attachment":[{"href":"https:\/\/ilsovranista.com\/index.php?rest_route=%2Fwp%2Fv2%2Fmedia&parent=1020"}],"wp:term":[{"taxonomy":"category","embeddable":true,"href":"https:\/\/ilsovranista.com\/index.php?rest_route=%2Fwp%2Fv2%2Fcategories&post=1020"},{"taxonomy":"post_tag","embeddable":true,"href":"https:\/\/ilsovranista.com\/index.php?rest_route=%2Fwp%2Fv2%2Ftags&post=1020"}],"curies":[{"name":"wp","href":"https:\/\/api.w.org\/{rel}","templated":true}]}}