{"id":1017,"date":"2025-01-22T21:55:28","date_gmt":"2025-01-22T20:55:28","guid":{"rendered":"https:\/\/ilsovranista.com\/?p=1017"},"modified":"2025-01-22T21:55:56","modified_gmt":"2025-01-22T20:55:56","slug":"caso-santanche-fiore-fn-chiede-le-dimissioni-per-il-garantista-a-targhe-alterne-crosetto","status":"publish","type":"post","link":"https:\/\/ilsovranista.com\/?p=1017","title":{"rendered":"Caso Santanch\u00e9, Fiore (Fn) chiede le dimissioni per il garantista a targhe alterne Crosetto"},"content":{"rendered":"<p>&#8220;Oggi <strong>Crosetto<\/strong> ha difeso il Ministro Santanch\u00e8 con logiche garantiste: giusto.Non posso fare a meno, per\u00f2, di ricordare che lo stesso <strong>Crosetto<\/strong> non fu altrettanto garantista il 24 ottobre 2020, poche ore dopo la rivolta popolare a Napoli contro il lockdown imposto da De Luca.<br \/>\nLo afferma in una nota, diffusa alla stampa, Roberto Fiore, segretario nazionale di Forza Nuova precisando: in\u00a0quell\u2019occasione, <strong>Crosetto<\/strong> si affrett\u00f2 ad accusare pubblicamente e a chiedere l\u2019incarcerazione dei dirigenti di <strong>Forza Nuova<\/strong>, che avevano espresso solidariet\u00e0 al popolo napoletano; io stesso, grazie a quel connubio fra PM, servizi e politici, sono sotto processo per quelle accuse, nonostante n\u00e9 io n\u00e9 nessuno di FN fosse l\u00ec quel giorno.<br \/>\nRitengo che simili atteggiamenti, lontani dai principi del garantismo e delle libert\u00e0 civili, siano la dimostrazione di un uso strumentale della giustizia ai fini della repressione di chi va contro il Deep State italiano.<br \/>\nMi auguro che il vento di cambiamento portato da Donald Trump \u2013 un vento che ha gi\u00e0 condotto alle dimissioni di Elisabetta Belloni \u2013 conduca presto anche alle dimissioni di Crosetto. La sua posizione contro FN nel 2020 e l&#8217;ostinazione nel sostenere la guerra infinita in Ucraina sono i due motivi per cui Crosetto dovrebbe essere subito mandato in pensione&#8221;.<\/p>\n","protected":false},"excerpt":{"rendered":"<p>&#8220;Oggi Crosetto ha difeso il Ministro Santanch\u00e8 con logiche garantiste: giusto.Non posso fare a meno, per\u00f2, di ricordare che lo stesso Crosetto non fu altrettanto garantista il 24 ottobre 2020, poche ore dopo la rivolta popolare a Napoli contro il lockdown imposto da De Luca. Lo afferma in una nota, diffusa alla stampa, Roberto Fiore, [&hellip;]<\/p>\n","protected":false},"author":3,"featured_media":1018,"comment_status":"open","ping_status":"closed","sticky":false,"template":"","format":"standard","meta":{"om_disable_all_campaigns":false,"_monsterinsights_skip_tracking":false,"_monsterinsights_sitenote_active":false,"_monsterinsights_sitenote_note":"","_monsterinsights_sitenote_category":0,"_uf_show_specific_survey":0,"_uf_disable_surveys":false,"footnotes":""},"categories":[33],"tags":[],"class_list":{"0":"post-1017","1":"post","2":"type-post","3":"status-publish","4":"format-standard","5":"has-post-thumbnail","7":"category-politica"},"aioseo_notices":[],"_links":{"self":[{"href":"https:\/\/ilsovranista.com\/index.php?rest_route=\/wp\/v2\/posts\/1017","targetHints":{"allow":["GET"]}}],"collection":[{"href":"https:\/\/ilsovranista.com\/index.php?rest_route=\/wp\/v2\/posts"}],"about":[{"href":"https:\/\/ilsovranista.com\/index.php?rest_route=\/wp\/v2\/types\/post"}],"author":[{"embeddable":true,"href":"https:\/\/ilsovranista.com\/index.php?rest_route=\/wp\/v2\/users\/3"}],"replies":[{"embeddable":true,"href":"https:\/\/ilsovranista.com\/index.php?rest_route=%2Fwp%2Fv2%2Fcomments&post=1017"}],"version-history":[{"count":1,"href":"https:\/\/ilsovranista.com\/index.php?rest_route=\/wp\/v2\/posts\/1017\/revisions"}],"predecessor-version":[{"id":1019,"href":"https:\/\/ilsovranista.com\/index.php?rest_route=\/wp\/v2\/posts\/1017\/revisions\/1019"}],"wp:featuredmedia":[{"embeddable":true,"href":"https:\/\/ilsovranista.com\/index.php?rest_route=\/wp\/v2\/media\/1018"}],"wp:attachment":[{"href":"https:\/\/ilsovranista.com\/index.php?rest_route=%2Fwp%2Fv2%2Fmedia&parent=1017"}],"wp:term":[{"taxonomy":"category","embeddable":true,"href":"https:\/\/ilsovranista.com\/index.php?rest_route=%2Fwp%2Fv2%2Fcategories&post=1017"},{"taxonomy":"post_tag","embeddable":true,"href":"https:\/\/ilsovranista.com\/index.php?rest_route=%2Fwp%2Fv2%2Ftags&post=1017"}],"curies":[{"name":"wp","href":"https:\/\/api.w.org\/{rel}","templated":true}]}}