{"id":1013,"date":"2025-01-22T21:49:53","date_gmt":"2025-01-22T20:49:53","guid":{"rendered":"https:\/\/ilsovranista.com\/?p=1013"},"modified":"2025-01-22T21:49:53","modified_gmt":"2025-01-22T20:49:53","slug":"napoli-sud-protagonista-valorizzare-il-centro-direzione-come-city-della-pubblica-amministrazione","status":"publish","type":"post","link":"https:\/\/ilsovranista.com\/?p=1013","title":{"rendered":"Napoli, Sud Protagonista: valorizzare il Centro direzione come city della Pubblica Amministrazione"},"content":{"rendered":"<p>Valorizzare, rivitalizzare e rilanciare il <strong>Centro Direzionale di Napoli<\/strong> come \u2018city\u2019 della Pubblica Amministrazione, dei professionisti, degli operatori economici e dei cittadini, trasferendo nel Centro Direzionale tutti gli uffici pubblici, la IV Municipalit\u00e0, il Tar Campania e la Corte dei Conti, e la \u2018movida\u2019 giovanile\u201d.<\/p>\n<p>E\u2019 l\u2019iniziativa di \u201c<strong>Sud Protagonista<\/strong>\u201d che, stamani, nell\u2019area antistante la Sede del Consiglio Regionale della Campania, al Centro Direzionale di Napoli, ha tenuto una conferenza stampa con la consigliere regionale <strong>Maria Muscar\u00e0<\/strong>, il Presidente del movimento politico <strong>Salvatore Ronghi<\/strong>, il responsabile cittadino <strong>Pietro Funaro<\/strong> ed il responsabile dei beni culturali e storici,<strong> Antonio Pariante<\/strong>.<\/p>\n<p>\u201cSiamo assolutamente contrari al trasferimento degli uffici della Regione Campania dal Centro Direzionale nel palazzo che De Luca vorrebbe far costruire in Piazza Garibaldi e siamo assolutamente contrari allo \u2018sfratto\u2019 dalla sua Sede che il Presidente della Regione ha dato al Consiglio regionale per realizzare questo suo obiettivo \u2013 ha detto la consigliera Muscar\u00e0 &#8211; , che ha aggiunto: \u201cl\u2019attuale sede del Consiglio regionale \u00e8 stata oggetto, nell\u2019arco di un ventennio, di numerosi interventi di ristrutturazione e di investimenti infrastrutturali e tecnologici, assorbendo decine di milioni di euro di soldi pubblici. In questi anni, infatti, &#8211; ha continuato Muscar\u00e0 &#8211; l\u2019Aula consiliare \u00e8 stata pi\u00f9 volte ristrutturata, cos\u00ec come gli uffici dei consiglieri, i saloni di rappresentanza, le autorimesse, le infrastrutture digitali, la realizzazione di importanti nuove sale, in ultimo, la sala intitolata a Don Peppe Diana. Adesso, nel \u2018pecoresco silenzio della sua maggioranza\u2019 \u2013 ha concluso Muscar\u00e0 &#8211; De Luca vorrebbe buttare a mare tutto questo denaro pubblico a cui si aggiungerebbe anche l\u2019esborso di una ulteriore somma milionaria per l\u2019acquisto e la ristrutturazione materiale e tecnologica di un nuovo palazzo, di cui il Consiglio non ha assolutamente bisogno\u201d.<\/p>\n<p>\u201cIl progetto di svuotare e depotenziare il Centro direzionale \u00e8 finalizzato alla realizzazione del nuovo grattacielo che De Luca vorrebbe realizzare a Piazza Garibaldi e del progetto \u2018Napoli Porta est\u2019 \u2013 ha sottolineato Funaro\u2013 ed appare evidente che anche il Sindaco Manfredi lo condivide perch\u00e9 si sta muovendo per rendere il Centro Direzionale sede di \u2018incubatore di imprese\u2019 e sostanzialmente per determinarne l\u2019abbandono da parte degli studi professionali, dei commercianti e dei cittadini. La nostra sar\u00e0 una dura battaglia per evitare che il CDN resti una \u201ccattedrale nel deserto\u201d.<\/p>\n<p>\u201cNoi sosteniamo, perci\u00f2, la riqualificazione del Centro Direzionale puntando sulla sua sicurezza, con il rifacimento degli impianti di video sorveglianza, e sul pieno utilizzo degli spazi aperti di superficie &#8211; ha aggiunto Ronghi \u2013 per rilanciare la destinazione d\u2019uso originaria della \u2018city\u2019 ed alleggerire il centro di Napoli dal traffico veicolare e pedonale anche attraverso il rafforzamento delle attivit\u00e0 per il tempo libero, per attrarre il mondo giovanile. Ci\u00f2 \u2013 ha continuato Ronghi- anche per porre fine alla situazione, divenuta ormai emergenziale, della movida selvaggia che colpisce il centro storico e che ha visto un comitato di residenti ottenere una sentenza di condanna a carico del Comune per i danni subiti, la quale potrebbe essere un allarmante precedente capace di mettere in ginocchio le casse comunali\u201d.<\/p>\n<p>\u201cIl Centro direzionale di Napoli porta la firma di un archistar di fama mondiale quale \u00e8 stato Kenzo Tange \u2013 ha ricordato Pariante &#8211; e deve non solo tornare ad essere la \u201cCity\u201d trasferendo il Tar per liberare l\u2019ex Hotel de Londres, la Corte dei Conti e gli Ufficio della Municipalit\u00e0. Inoltre il CDN deve essere anche luogo di arte, di musica e di cultura dedicando i suoi molteplici spazi all\u2019aperto alle esibizioni degli \u2018artisti di strada\u2019, a spettacoli, mostre ed eventi culturali, da inserire nell\u2019offerta turistica e culturale della nostra citt\u00e0, divenuta meta turistica internazionale\u201d.<\/p>\n","protected":false},"excerpt":{"rendered":"<p>Valorizzare, rivitalizzare e rilanciare il Centro Direzionale di Napoli come \u2018city\u2019 della Pubblica Amministrazione, dei professionisti, degli operatori economici e dei cittadini, trasferendo nel Centro Direzionale tutti gli uffici pubblici, la IV Municipalit\u00e0, il Tar Campania e la Corte dei Conti, e la \u2018movida\u2019 giovanile\u201d. E\u2019 l\u2019iniziativa di \u201cSud Protagonista\u201d che, stamani, nell\u2019area antistante la [&hellip;]<\/p>\n","protected":false},"author":3,"featured_media":1014,"comment_status":"open","ping_status":"closed","sticky":false,"template":"","format":"standard","meta":{"om_disable_all_campaigns":false,"_monsterinsights_skip_tracking":false,"_monsterinsights_sitenote_active":false,"_monsterinsights_sitenote_note":"","_monsterinsights_sitenote_category":0,"_uf_show_specific_survey":0,"_uf_disable_surveys":false,"footnotes":""},"categories":[36],"tags":[],"class_list":{"0":"post-1013","1":"post","2":"type-post","3":"status-publish","4":"format-standard","5":"has-post-thumbnail","7":"category-prima-i-territori"},"aioseo_notices":[],"_links":{"self":[{"href":"https:\/\/ilsovranista.com\/index.php?rest_route=\/wp\/v2\/posts\/1013","targetHints":{"allow":["GET"]}}],"collection":[{"href":"https:\/\/ilsovranista.com\/index.php?rest_route=\/wp\/v2\/posts"}],"about":[{"href":"https:\/\/ilsovranista.com\/index.php?rest_route=\/wp\/v2\/types\/post"}],"author":[{"embeddable":true,"href":"https:\/\/ilsovranista.com\/index.php?rest_route=\/wp\/v2\/users\/3"}],"replies":[{"embeddable":true,"href":"https:\/\/ilsovranista.com\/index.php?rest_route=%2Fwp%2Fv2%2Fcomments&post=1013"}],"version-history":[{"count":1,"href":"https:\/\/ilsovranista.com\/index.php?rest_route=\/wp\/v2\/posts\/1013\/revisions"}],"predecessor-version":[{"id":1015,"href":"https:\/\/ilsovranista.com\/index.php?rest_route=\/wp\/v2\/posts\/1013\/revisions\/1015"}],"wp:featuredmedia":[{"embeddable":true,"href":"https:\/\/ilsovranista.com\/index.php?rest_route=\/wp\/v2\/media\/1014"}],"wp:attachment":[{"href":"https:\/\/ilsovranista.com\/index.php?rest_route=%2Fwp%2Fv2%2Fmedia&parent=1013"}],"wp:term":[{"taxonomy":"category","embeddable":true,"href":"https:\/\/ilsovranista.com\/index.php?rest_route=%2Fwp%2Fv2%2Fcategories&post=1013"},{"taxonomy":"post_tag","embeddable":true,"href":"https:\/\/ilsovranista.com\/index.php?rest_route=%2Fwp%2Fv2%2Ftags&post=1013"}],"curies":[{"name":"wp","href":"https:\/\/api.w.org\/{rel}","templated":true}]}}